{"id":20787,"date":"2021-12-07T15:59:28","date_gmt":"2021-12-07T14:59:28","guid":{"rendered":"https:\/\/www.gruppopdregionetoscana.it\/web\/?p=20787"},"modified":"2021-12-07T15:59:31","modified_gmt":"2021-12-07T14:59:31","slug":"solidarieta-a-greta-beccaglia-e-un-impegno-contro-la-violenza-di-genere-e-le-molestie","status":"publish","type":"post","link":"https:\/\/www.gruppopdregionetoscana.it\/web\/solidarieta-a-greta-beccaglia-e-un-impegno-contro-la-violenza-di-genere-e-le-molestie\/","title":{"rendered":"Solidariet\u00e0 a Greta Beccaglia e un impegno contro la violenza di genere e le molestie"},"content":{"rendered":"\n<p><strong>La consigliera Elena Rosignoli (Pd): \u00abContrastare ogni forma di violenza di genere con ogni strumento\u00bb<\/strong><\/p>\n<p>Ferma condanna ai fatti accaduti alla giornalista Greta Beccaglia, vittima di molestia mentre svolgeva il suo lavoro, ma anche rinnovato impegno per il contrasto ad ogni forma di violenza di genere fino ad arrivare alla costituzione di parte civile della Regione nei casi di violenza. Dal Consiglio regionale della Toscana arriva una presa di posizione netta con l\u2019approvazione unanime della mozione emendata dal Partito Democratico.<\/p>\n<p>\u00abQuello che \u00e8 accaduto alla giornalista Greta Beccaglia non \u00e8 uno scherzo o una bravata, ma un reato punito dal codice penale. E\u2019 un episodio deprecabile che va condannato con fermezza, ma dobbiamo anche essere consapevoli che ha avuto una grande eco mediatica perch\u00e9 accaduto in diretta televisiva \u2013 ha spiegato <strong>la consigliera regionale Elena Rosignoli<\/strong> intervenendo in aula durante il dibattito sulla mozione &#8211; Purtroppo episodi di violenza analoghi, o ben peggiori, si trovano sulla cronaca quotidiana e molti altri rimangono nell\u2019ombra e nel silenzio. La Toscana conferma tutto il proprio impegno nelle politiche di prevenzione e contrasto alla violenza di genere da portare avanti sia attraverso azioni culturali e di sensibilizzazione sia con il concreto sostegno alla rete dei soggetti che nei territori si occupano della presa in carico delle vittime di questi reati\u00bb.<\/p>\n<p>\u00abGrazie all\u2019emendamento del Gruppo del Partito Democratico \u2013 conclude <strong>Rosignoli <\/strong>&#8211; impegniamo la Giunta regionale a valutare, coinvolgendo anche la Commissione Pari Opportunit\u00e0 del Consiglio regionale, la possibilit\u00e0 e le forme pi\u00f9 adeguate per costituirsi parte civile nei processi aventi ad oggetto atti di violenza di genere e molestie. La violenza di genere \u00e8 un fenomeno sociale che deve essere contrastato dalle istituzioni con rinnovato impegno facendolo diventare un problema di tutti che tutta la collettivit\u00e0 si impegna a risolvere\u00bb.<\/p>\n","protected":false},"excerpt":{"rendered":"<p>La consigliera Elena Rosignoli (Pd): \u00abContrastare ogni forma di violenza di genere con ogni strumento\u00bb Ferma condanna ai fatti accaduti alla giornalista Greta Beccaglia, vittima di molestia mentre svolgeva il suo lavoro, ma anche rinnovato impegno per il contrasto ad ogni forma di violenza di genere fino ad arrivare alla costituzione di parte civile della [&hellip;]<\/p>\n","protected":false},"author":1,"featured_media":19871,"comment_status":"closed","ping_status":"closed","sticky":false,"template":"","format":"standard","meta":{"_jetpack_memberships_contains_paid_content":false,"footnotes":""},"categories":[30,2228],"tags":[],"class_list":{"0":"post-20787","1":"post","2":"type-post","3":"status-publish","4":"format-standard","5":"has-post-thumbnail","7":"category-comunicati-stampa","8":"category-elena-rosignoli","9":"czr-hentry"},"jetpack_featured_media_url":"https:\/\/www.gruppopdregionetoscana.it\/web\/wp-content\/uploads\/2021\/01\/ROSIGNOLI.png","jetpack_sharing_enabled":true,"_links":{"self":[{"href":"https:\/\/www.gruppopdregionetoscana.it\/web\/wp-json\/wp\/v2\/posts\/20787","targetHints":{"allow":["GET"]}}],"collection":[{"href":"https:\/\/www.gruppopdregionetoscana.it\/web\/wp-json\/wp\/v2\/posts"}],"about":[{"href":"https:\/\/www.gruppopdregionetoscana.it\/web\/wp-json\/wp\/v2\/types\/post"}],"author":[{"embeddable":true,"href":"https:\/\/www.gruppopdregionetoscana.it\/web\/wp-json\/wp\/v2\/users\/1"}],"replies":[{"embeddable":true,"href":"https:\/\/www.gruppopdregionetoscana.it\/web\/wp-json\/wp\/v2\/comments?post=20787"}],"version-history":[{"count":0,"href":"https:\/\/www.gruppopdregionetoscana.it\/web\/wp-json\/wp\/v2\/posts\/20787\/revisions"}],"wp:featuredmedia":[{"embeddable":true,"href":"https:\/\/www.gruppopdregionetoscana.it\/web\/wp-json\/wp\/v2\/media\/19871"}],"wp:attachment":[{"href":"https:\/\/www.gruppopdregionetoscana.it\/web\/wp-json\/wp\/v2\/media?parent=20787"}],"wp:term":[{"taxonomy":"category","embeddable":true,"href":"https:\/\/www.gruppopdregionetoscana.it\/web\/wp-json\/wp\/v2\/categories?post=20787"},{"taxonomy":"post_tag","embeddable":true,"href":"https:\/\/www.gruppopdregionetoscana.it\/web\/wp-json\/wp\/v2\/tags?post=20787"}],"curies":[{"name":"wp","href":"https:\/\/api.w.org\/{rel}","templated":true}]}}