{"id":20801,"date":"2021-12-06T16:39:00","date_gmt":"2021-12-06T15:39:00","guid":{"rendered":"https:\/\/www.gruppopdregionetoscana.it\/web\/?p=20801"},"modified":"2021-12-10T10:42:38","modified_gmt":"2021-12-10T09:42:38","slug":"sanita-tumore-della-cute-andrea-vannucci-sensibilizziamo-i-giovani-aumentare-la-prevenzione-per-queste-malattie-e-fondamentale","status":"publish","type":"post","link":"https:\/\/www.gruppopdregionetoscana.it\/web\/sanita-tumore-della-cute-andrea-vannucci-sensibilizziamo-i-giovani-aumentare-la-prevenzione-per-queste-malattie-e-fondamentale\/","title":{"rendered":"Sanit\u00e0, Tumore della cute, Andrea Vannucci: \u201cSensibilizziamo i giovani, aumentare la prevenzione per queste malattie \u00e8 fondamentale\u201d"},"content":{"rendered":"\n<p><em>Presentata\u00a0 in Consiglio regionale la mozione Pd del consigliere Andrea Vannucci.<\/em><\/p>\n<p>In previsione dell\u2019elaborazione del prossimo Piano sanitario e sociale integrato regionale si dovr\u00e0 valutare la possibilit\u00e0 di prevedere, oltre all\u2019implementazione di specifiche campagne di sensibilizzazione <strong>sulla prevenzione dei tumori della cute<\/strong>, anche la predisposizione di un piano specifico di prevenzione incentrato su campagne di screening dermatologico indirizzate, in particolare, in favore della popolazione giovanile. E\u2019 questa la richiesta che arriva da Palazzo del Pegaso con una mozione <strong>\u201cIn merito alle azioni di prevenzione dei tumori della cute\u201d<\/strong> presentata dal consigliere fiorentino del Partito Democratico <strong>Andrea Vannucci.<\/strong><\/p>\n<p>\u201cIn Toscana \u2013 spiega Vannucci &#8211; sulla base dei dati forniti da un recente studio sul melanoma cutaneo realizzato da ISPRO il melanoma risulta importante soprattutto tra i pi\u00f9 giovani, dal momento che nella classe di et\u00e0 inferiore a cinquanta anni \u00e8 il tumore pi\u00f9 frequentemente diagnosticato negli uomini (14% di tutte le nuove diagnosi) ed il terzo tra le donne (10% del totale). Inoltre i melanomi sono i tumori che hanno registrato il maggior incremento medio annuale, sia negli uomini (+8,8% in totale, +9,1% negli over 70) che nelle donne (+7,1% in totale, +7,6% nelle under 50) e in tutte le fasce di et\u00e0. Questi incrementi, sebbene rispecchino esposizioni avvenute nei decenni scorsi e la recente disponibilit\u00e0 di tecniche diagnostiche sempre pi\u00f9 accurate, indicano la necessit\u00e0 di implementare interventi tempestivi di prevenzione primaria per invertire tale andamento nei prossimi anni\u201d.<\/p>\n<p>\u00a0<\/p>\n<p>\u201cL\u2019obiettivo deve essere identificare il maggior numero possibile di tumori della cute e quanto prima possibile \u2013 prosegue Vannucci &#8211; per questo da diversi anni la Toscana ha sviluppato un modello di lotta a questa malattia in grado di assicurare mediante uno specifico percorso diagnostico-terapeutico il coinvolgimento a vari livelli dei diversi professionisti coinvolti nel processo assistenziale del paziente. Dalla strategia di formazione degli operatori, all\u2019informazione della popolazione finalizzata alla diagnosi precoce fino all\u2019attivazione nel territorio regionale di una rete diffusa di ambulatori dedicati alla diagnosi precoce del melanoma. Una diagnosi tempestiva, infatti, \u00e8 fondamentale per poter intervenire in tempo, e insieme a tutta una serie di nuove terapie e farmaci sono i fattori che hanno contribuito negli anni ad aumentare l\u2019aspettativa di vita di un malato oncologico alla diagnosi. \u00a0La ricerca sta facendo passi da gigante aumentando le aspettative di vita e la cura di molte forme di tumori della cute \u2013 conclude Vannucci \u2013 come istituzioni abbiamo la possibilit\u00e0 per\u00f2 di implementare ancora di pi\u00f9 la prevenzione, un\u2019arma come abbiamo visto fondamentale nell\u2019anticipare le diagnosi e con questa mozione vogliamo renderla ancora pi\u00f9 efficace ed efficiente\u201d.<\/p>\n","protected":false},"excerpt":{"rendered":"<p>Presentata\u00a0 in Consiglio regionale la mozione Pd del consigliere Andrea Vannucci. In previsione dell\u2019elaborazione del prossimo Piano sanitario e sociale integrato regionale si dovr\u00e0 valutare la possibilit\u00e0 di prevedere, oltre all\u2019implementazione di specifiche campagne di sensibilizzazione sulla prevenzione dei tumori della cute, anche la predisposizione di un piano specifico di prevenzione incentrato su campagne di [&hellip;]<\/p>\n","protected":false},"author":1,"featured_media":20785,"comment_status":"closed","ping_status":"closed","sticky":false,"template":"","format":"standard","meta":{"_jetpack_memberships_contains_paid_content":false,"footnotes":""},"categories":[2239,30],"tags":[],"class_list":{"0":"post-20801","1":"post","2":"type-post","3":"status-publish","4":"format-standard","5":"has-post-thumbnail","7":"category-andrea-vannucci","8":"category-comunicati-stampa","9":"czr-hentry"},"jetpack_featured_media_url":"https:\/\/www.gruppopdregionetoscana.it\/web\/wp-content\/uploads\/2021\/12\/ragazza-controllo-nei.jpg","jetpack_sharing_enabled":true,"_links":{"self":[{"href":"https:\/\/www.gruppopdregionetoscana.it\/web\/wp-json\/wp\/v2\/posts\/20801","targetHints":{"allow":["GET"]}}],"collection":[{"href":"https:\/\/www.gruppopdregionetoscana.it\/web\/wp-json\/wp\/v2\/posts"}],"about":[{"href":"https:\/\/www.gruppopdregionetoscana.it\/web\/wp-json\/wp\/v2\/types\/post"}],"author":[{"embeddable":true,"href":"https:\/\/www.gruppopdregionetoscana.it\/web\/wp-json\/wp\/v2\/users\/1"}],"replies":[{"embeddable":true,"href":"https:\/\/www.gruppopdregionetoscana.it\/web\/wp-json\/wp\/v2\/comments?post=20801"}],"version-history":[{"count":0,"href":"https:\/\/www.gruppopdregionetoscana.it\/web\/wp-json\/wp\/v2\/posts\/20801\/revisions"}],"wp:featuredmedia":[{"embeddable":true,"href":"https:\/\/www.gruppopdregionetoscana.it\/web\/wp-json\/wp\/v2\/media\/20785"}],"wp:attachment":[{"href":"https:\/\/www.gruppopdregionetoscana.it\/web\/wp-json\/wp\/v2\/media?parent=20801"}],"wp:term":[{"taxonomy":"category","embeddable":true,"href":"https:\/\/www.gruppopdregionetoscana.it\/web\/wp-json\/wp\/v2\/categories?post=20801"},{"taxonomy":"post_tag","embeddable":true,"href":"https:\/\/www.gruppopdregionetoscana.it\/web\/wp-json\/wp\/v2\/tags?post=20801"}],"curies":[{"name":"wp","href":"https:\/\/api.w.org\/{rel}","templated":true}]}}