{"id":20855,"date":"2022-01-20T18:25:38","date_gmt":"2022-01-20T17:25:38","guid":{"rendered":"https:\/\/www.gruppopdregionetoscana.it\/web\/?p=20855"},"modified":"2022-01-20T18:25:42","modified_gmt":"2022-01-20T17:25:42","slug":"gkn-merlotti-accordo-e-motivo-di-orgoglio-per-tutto-il-territorio-risultato-raggiunto-grazie-a-unita-di-lavoratori-sindacati-e-istituzioni","status":"publish","type":"post","link":"https:\/\/www.gruppopdregionetoscana.it\/web\/gkn-merlotti-accordo-e-motivo-di-orgoglio-per-tutto-il-territorio-risultato-raggiunto-grazie-a-unita-di-lavoratori-sindacati-e-istituzioni\/","title":{"rendered":"GKN, Merlotti: \u00abAccordo \u00e8 motivo di orgoglio per tutto il territorio. Risultato raggiunto grazie a unit\u00e0 di lavoratori, sindacati e istituzioni\u00bb"},"content":{"rendered":"\n<p style=\"font-weight: 400;\">Il consigliere regionale Pd, Fausto Merlotti, esprime soddisfazione per l\u2019accordo sulla GKN raggiunto ieri al Mise: \u201cOra la parola ai lavoratori\u201d<\/p>\n<p style=\"font-weight: 400;\">\u00abL&#8217;accordo raggiunto ieri al Ministero dello Sviluppo Economico, grazie all&#8217;impegno dei lavoratori, sindacati e istituzioni &#8211; Regione Toscana, Citt\u00e0 Metropolitana e Comune di Campi &#8211; \u00e8 un passaggio assolutamente positivo che mira alla reindustrializzazione dello stabilimento: una soddisfazione per tutto il territorio. La mobilitazione, sostenuta fin dall\u2019inizio da un\u2019intera comunit\u00e0 e dalle sue istituzioni, per la salvaguardia dell\u2019occupazione e per impedire di depredare il territorio ha consentito di raggiungere un risultato importante, che ora sar\u00e0 sottoposto ai lavoratori. Da ora in avanti terremo viva la massima attenzione affinch\u00e9 non si ripetano esperienze del passato: perch\u00e9 l\u2019accordo stipulato, se sar\u00e0 accettato dai lavoratori, dovr\u00e0 essere rispettato. In questa vertenza a difesa dei diritti di tutti i lavoratori e della produttivit\u00e0 del territorio, l\u2019unit\u00e0 di tutti i soggetti coinvolti \u00e8 stata fin da subito fondamentale: un aspetto straordinario di cui sono stati protagonisti cittadini, lavoratori, sindacati, rappresentanti delle istituzioni che continueremo a preservare e portare avanti\u00bb. \u00c8 quanto dichiara Fausto Merlotti, consigliere regionale Pd, in merito all\u2019accordo sottoscritto al Mise sullo stabilimento GKN di Campi Bisenzio.<\/p>\n","protected":false},"excerpt":{"rendered":"<p>Il consigliere regionale Pd, Fausto Merlotti, esprime soddisfazione per l\u2019accordo sulla GKN raggiunto ieri al Mise: \u201cOra la parola ai lavoratori\u201d \u00abL&#8217;accordo raggiunto ieri al Ministero dello Sviluppo Economico, grazie all&#8217;impegno dei lavoratori, sindacati e istituzioni &#8211; Regione Toscana, Citt\u00e0 Metropolitana e Comune di Campi &#8211; \u00e8 un passaggio assolutamente positivo che mira alla reindustrializzazione [&hellip;]<\/p>\n","protected":false},"author":41,"featured_media":20856,"comment_status":"closed","ping_status":"closed","sticky":false,"template":"","format":"standard","meta":{"_jetpack_memberships_contains_paid_content":false,"footnotes":""},"categories":[30,2236],"tags":[],"class_list":{"0":"post-20855","1":"post","2":"type-post","3":"status-publish","4":"format-standard","5":"has-post-thumbnail","7":"category-comunicati-stampa","8":"category-fausto-merlotti","9":"czr-hentry"},"jetpack_featured_media_url":"https:\/\/www.gruppopdregionetoscana.it\/web\/wp-content\/uploads\/2022\/01\/gkn_n.jpeg","jetpack_sharing_enabled":true,"_links":{"self":[{"href":"https:\/\/www.gruppopdregionetoscana.it\/web\/wp-json\/wp\/v2\/posts\/20855","targetHints":{"allow":["GET"]}}],"collection":[{"href":"https:\/\/www.gruppopdregionetoscana.it\/web\/wp-json\/wp\/v2\/posts"}],"about":[{"href":"https:\/\/www.gruppopdregionetoscana.it\/web\/wp-json\/wp\/v2\/types\/post"}],"author":[{"embeddable":true,"href":"https:\/\/www.gruppopdregionetoscana.it\/web\/wp-json\/wp\/v2\/users\/41"}],"replies":[{"embeddable":true,"href":"https:\/\/www.gruppopdregionetoscana.it\/web\/wp-json\/wp\/v2\/comments?post=20855"}],"version-history":[{"count":0,"href":"https:\/\/www.gruppopdregionetoscana.it\/web\/wp-json\/wp\/v2\/posts\/20855\/revisions"}],"wp:featuredmedia":[{"embeddable":true,"href":"https:\/\/www.gruppopdregionetoscana.it\/web\/wp-json\/wp\/v2\/media\/20856"}],"wp:attachment":[{"href":"https:\/\/www.gruppopdregionetoscana.it\/web\/wp-json\/wp\/v2\/media?parent=20855"}],"wp:term":[{"taxonomy":"category","embeddable":true,"href":"https:\/\/www.gruppopdregionetoscana.it\/web\/wp-json\/wp\/v2\/categories?post=20855"},{"taxonomy":"post_tag","embeddable":true,"href":"https:\/\/www.gruppopdregionetoscana.it\/web\/wp-json\/wp\/v2\/tags?post=20855"}],"curies":[{"name":"wp","href":"https:\/\/api.w.org\/{rel}","templated":true}]}}