{"id":20885,"date":"2022-02-02T11:19:08","date_gmt":"2022-02-02T10:19:08","guid":{"rendered":"https:\/\/www.gruppopdregionetoscana.it\/web\/?p=20885"},"modified":"2022-02-02T11:24:57","modified_gmt":"2022-02-02T10:24:57","slug":"elba-tpl-su-gomma-mozione-di-anselmi-proposta-di-valutare-isola-come-area-omogenea-per-agevolare-connessione-tra-territori-e-mobilita-sostenibile","status":"publish","type":"post","link":"https:\/\/www.gruppopdregionetoscana.it\/web\/elba-tpl-su-gomma-mozione-di-anselmi-proposta-di-valutare-isola-come-area-omogenea-per-agevolare-connessione-tra-territori-e-mobilita-sostenibile\/","title":{"rendered":"Elba, Tpl su gomma; mozione di Anselmi: \u00abProposta di valutare isola come area omogenea per agevolare connessione tra territori e mobilit\u00e0 sostenibile\u00bb"},"content":{"rendered":"\n<div><span style=\"font-family: Calibri,sans-serif; font-size: medium;\"><i><img loading=\"lazy\" decoding=\"async\" class=\"wp-image-19844 alignleft\" src=\"https:\/\/www.gruppopdregionetoscana.it\/web\/wp-content\/uploads\/2021\/01\/Anselmi_sito.png\" alt=\"\" width=\"204\" height=\"204\" \/>Il consigliere regionale Pd, Gianni Anselmi, sollecita la Giunta ad analizzare la proposta sul servizio di Tpl su gomma nel territorio dell\u2019isola d\u2019Elba<\/i><\/span><\/div>\n<div><span style=\"font-family: Calibri,sans-serif; font-size: medium;\">\u00a0<\/span><\/div>\n<div align=\"justify\"><span style=\"font-family: Calibri,sans-serif; font-size: medium;\">\u00abPer consentire al territorio dell\u2019isola d\u2019Elba un\u2019adeguata connessione tra i vari centri urbani \u00e8 necessario prendere in considerazione una revisione dei servizi di Tpl su gomma, in modo da favorire un collegamento migliore fra le diverse realt\u00e0 ed una maggiore equit\u00e0 di trattamento dei pendolari che, soprattutto per motivi di studio, devono spostarsi tra le diverse realt\u00e0 comunali dell\u2019isola. Con una mozione sollecito la Giunta regionale ad attivarsi, nel rispetto delle proprie competenze ed in coerenza con le procedure di coinvolgimento degli Enti locali, affinch\u00e9 possa valutare una revisione dei servizi programmati di TPL all\u2019interno dell\u2019isola d\u2019Elba ed uno schema tariffario omogeneo in funzione delle esigenze e delle caratteristiche specifiche dell&#8217;isola. L\u2019obiettivo \u00e8 favorire una maggiore coesione trasportistica tra le diverse realt\u00e0 municipali e, pi\u00f9 in generale, incentivare l\u2019uso della mobilit\u00e0 sostenibile anche per quanto concerne il settore turistico\u00bb. \u00c8 quanto chiede alla Giunta regionale,\u00a0<b>Gianni Anselmi<\/b>, con la mozione In merito ai servizi di trasporto pubblico locale all\u2019interno dell\u2019Isola d\u2019Elba.<\/span><\/div>\n<div align=\"justify\"><span style=\"font-family: Calibri,sans-serif; font-size: medium;\">\u00a0<\/span><\/div>\n<div align=\"justify\"><span style=\"font-family: Calibri,sans-serif; font-size: medium;\">\u00abA partire dalla legge 65\/2010 la Regione Toscana ha portato avanti un complesso processo di riforma relativo al servizio di trasporto pubblico su gomma,\u00a0 prevedendo un unico gestore a livello regionale ed un nuovo modello di governance caratterizzato dall\u2019esercizio associato delle funzioni fra Regione, Province e Comuni \u2013 continua\u00a0<b>Anselmi<\/b>\u00a0\u2013 Un percorso che, tra le altre cose, prevede di rafforzare reti deboli per piccoli comuni e aree marginali, dove l\u2019obiettivo di garantire il servizio presume anche l\u2019utilizzo di modalit\u00e0 innovative mirate alle specifiche esigenze dei territori\u00bb.<\/span><\/div>\n<div align=\"justify\"><span style=\"font-family: Calibri,sans-serif; font-size: medium;\">\u00a0<\/span><\/div>\n<div align=\"justify\"><span style=\"font-family: Calibri,sans-serif; font-size: medium;\">\u00abLa particolare natura insulare dell\u2019Elba consente di approfondire la possibilit\u00e0 di valutare gli spostamenti tramite Tpl su gomma come all\u2019interno di un unico territorio, con tanto di omogeneo schema tariffario, tenendo conto anche della forte polarizzazione dei servizi sul Comune di Portoferraio, vista la piccola dimensione degli altri comuni \u2013 conclude\u00a0<b>Anselmi\u00a0<\/b>&#8211; La richiesta di procedere in questa direzione nasce dal Forum Giovanile dell\u2019Arcipelago Toscano: una proposta per modernizzare la mobilit\u00e0 e un intero territorio che \u00e8 necessario approfondire e sostenere, cos\u00ec come quella di una necessaria progressiva modernizzazione ecologica del parco mezzi\u00bb.<\/span><\/div>\n","protected":false},"excerpt":{"rendered":"<p>Il consigliere regionale Pd, Gianni Anselmi, sollecita la Giunta ad analizzare la proposta sul servizio di Tpl su gomma nel territorio dell\u2019isola d\u2019Elba \u00a0 \u00abPer consentire al territorio dell\u2019isola d\u2019Elba un\u2019adeguata connessione tra i vari centri urbani \u00e8 necessario prendere in considerazione una revisione dei servizi di Tpl su gomma, in modo da favorire un [&hellip;]<\/p>\n","protected":false},"author":41,"featured_media":20888,"comment_status":"closed","ping_status":"closed","sticky":false,"template":"","format":"standard","meta":{"_jetpack_memberships_contains_paid_content":false,"footnotes":""},"categories":[30,957],"tags":[],"class_list":{"0":"post-20885","1":"post","2":"type-post","3":"status-publish","4":"format-standard","5":"has-post-thumbnail","7":"category-comunicati-stampa","8":"category-gianni-anselmi","9":"czr-hentry"},"jetpack_featured_media_url":"https:\/\/www.gruppopdregionetoscana.it\/web\/wp-content\/uploads\/2022\/02\/1603293623_trasporti_2_o.jpeg","jetpack_sharing_enabled":true,"_links":{"self":[{"href":"https:\/\/www.gruppopdregionetoscana.it\/web\/wp-json\/wp\/v2\/posts\/20885","targetHints":{"allow":["GET"]}}],"collection":[{"href":"https:\/\/www.gruppopdregionetoscana.it\/web\/wp-json\/wp\/v2\/posts"}],"about":[{"href":"https:\/\/www.gruppopdregionetoscana.it\/web\/wp-json\/wp\/v2\/types\/post"}],"author":[{"embeddable":true,"href":"https:\/\/www.gruppopdregionetoscana.it\/web\/wp-json\/wp\/v2\/users\/41"}],"replies":[{"embeddable":true,"href":"https:\/\/www.gruppopdregionetoscana.it\/web\/wp-json\/wp\/v2\/comments?post=20885"}],"version-history":[{"count":0,"href":"https:\/\/www.gruppopdregionetoscana.it\/web\/wp-json\/wp\/v2\/posts\/20885\/revisions"}],"wp:featuredmedia":[{"embeddable":true,"href":"https:\/\/www.gruppopdregionetoscana.it\/web\/wp-json\/wp\/v2\/media\/20888"}],"wp:attachment":[{"href":"https:\/\/www.gruppopdregionetoscana.it\/web\/wp-json\/wp\/v2\/media?parent=20885"}],"wp:term":[{"taxonomy":"category","embeddable":true,"href":"https:\/\/www.gruppopdregionetoscana.it\/web\/wp-json\/wp\/v2\/categories?post=20885"},{"taxonomy":"post_tag","embeddable":true,"href":"https:\/\/www.gruppopdregionetoscana.it\/web\/wp-json\/wp\/v2\/tags?post=20885"}],"curies":[{"name":"wp","href":"https:\/\/api.w.org\/{rel}","templated":true}]}}