{"id":20891,"date":"2022-02-03T17:01:00","date_gmt":"2022-02-03T16:01:00","guid":{"rendered":"https:\/\/www.gruppopdregionetoscana.it\/web\/?p=20891"},"modified":"2022-02-04T14:03:50","modified_gmt":"2022-02-04T13:03:50","slug":"san-ginese-capannori-puppa-e-mercanti-presentano-una-mozione-in-consiglio-regionale","status":"publish","type":"post","link":"https:\/\/www.gruppopdregionetoscana.it\/web\/san-ginese-capannori-puppa-e-mercanti-presentano-una-mozione-in-consiglio-regionale\/","title":{"rendered":"San Ginese Capannori, Puppa e Mercanti presentano una mozione in Consiglio regionale"},"content":{"rendered":"\n<div id=\"divBdy\" class=\"bdyItmPrt\">\n<div dir=\"ltr\">\n<div>\u201cAttivare tempestivamente un tavolo di crisi regionale, che veda la partecipazione delle organizzazioni sindacali e delle varie istituzioni interessate, al fine di affrontare con la Societ\u00e0 Cooperativa Arborea la situazione venutasi a determinare presso lo stabilimento di Capannori in relazione alla volont\u00e0 manifestata da parte della propriet\u00e0 di procedere alla chiusura dello stabilimento ed al licenziamento collettivo dei 26 lavoratori ivi occupati; porre in essere tutte le iniziative necessarie a scongiurare la cessazione dell\u2019attivit\u00e0 dello stabilimento di Capannori ed a difendere il livello occupazionale di un\u2019importante e storica realt\u00e0 produttiva inserita in un territorio che ha gi\u00e0 subito i riflessi sociali di una difficile congiuntura che ha colpito in modo particolare le piccole e medie imprese\u201d.<\/div>\n<div>Sono questi gli impegni da affidare alla giunta toscana contenuti in una mozione presentata dai consiglieri regionali Pd, <b>Mario Puppa<\/b> e <b>Valentina Mercanti<\/b>.<\/div>\n<div>\u00abCome avevamo promesso \u2013 spiegano Puppa e Mercanti \u2013 andiamo avanti con l\u2019impegno a difesa dei lavoratori e della realt\u00e0 produttiva di Capannori. \u00a0Riteniamo che un voto del Consiglio regionale sulla nostra mozione possa essere utile per cercare di avviare una trattativa con l\u2019azienda, favorendo una concertazione con i coinvolgimento della Regione, delle istituzioni locali e dei rappresentanti dei lavoratori. Ricordiamo che la decisone relativa alla chiusura immediata dello stabilimento di Capannori e del licenziamento collettivo dei 26 lavoratori per cessazione dell\u2019attivit\u00e0 \u00e8 arrivata senza alcuna preventiva comunicazione alle organizzazioni sindacali e alle istituzioni. Riteniamo che questa decisione possa essere rivista dall\u2019azienda, anche perch\u00e9 in contraddizione con gli obiettivi di crescita che la societ\u00e0 Arborea si \u00e8 data negli ultimi anni sia in termine di produzione che di innovazione. Nel rinnovare la nostra solidariet\u00e0 ai lavoratori, auspichiamo che si possa giungere nel pi\u00f9 breve tempo possibile alla convocazione di un tavolo di crisi per pervenire alla risoluzione della vicenda\u00bb.<\/div>\n<\/div>\n<\/div>\n","protected":false},"excerpt":{"rendered":"<p>\u201cAttivare tempestivamente un tavolo di crisi regionale, che veda la partecipazione delle organizzazioni sindacali e delle varie istituzioni interessate, al fine di affrontare con la Societ\u00e0 Cooperativa Arborea la situazione venutasi a determinare presso lo stabilimento di Capannori in relazione alla volont\u00e0 manifestata da parte della propriet\u00e0 di procedere alla chiusura dello stabilimento ed al [&hellip;]<\/p>\n","protected":false},"author":1,"featured_media":20892,"comment_status":"closed","ping_status":"closed","sticky":false,"template":"","format":"standard","meta":{"_jetpack_memberships_contains_paid_content":false,"footnotes":""},"categories":[30,2237,2235],"tags":[],"class_list":{"0":"post-20891","1":"post","2":"type-post","3":"status-publish","4":"format-standard","5":"has-post-thumbnail","7":"category-comunicati-stampa","8":"category-mario-puppa","9":"category-valentina-mercanti","10":"czr-hentry"},"jetpack_featured_media_url":"https:\/\/www.gruppopdregionetoscana.it\/web\/wp-content\/uploads\/2022\/02\/sanginese.jpg","jetpack_sharing_enabled":true,"_links":{"self":[{"href":"https:\/\/www.gruppopdregionetoscana.it\/web\/wp-json\/wp\/v2\/posts\/20891","targetHints":{"allow":["GET"]}}],"collection":[{"href":"https:\/\/www.gruppopdregionetoscana.it\/web\/wp-json\/wp\/v2\/posts"}],"about":[{"href":"https:\/\/www.gruppopdregionetoscana.it\/web\/wp-json\/wp\/v2\/types\/post"}],"author":[{"embeddable":true,"href":"https:\/\/www.gruppopdregionetoscana.it\/web\/wp-json\/wp\/v2\/users\/1"}],"replies":[{"embeddable":true,"href":"https:\/\/www.gruppopdregionetoscana.it\/web\/wp-json\/wp\/v2\/comments?post=20891"}],"version-history":[{"count":0,"href":"https:\/\/www.gruppopdregionetoscana.it\/web\/wp-json\/wp\/v2\/posts\/20891\/revisions"}],"wp:featuredmedia":[{"embeddable":true,"href":"https:\/\/www.gruppopdregionetoscana.it\/web\/wp-json\/wp\/v2\/media\/20892"}],"wp:attachment":[{"href":"https:\/\/www.gruppopdregionetoscana.it\/web\/wp-json\/wp\/v2\/media?parent=20891"}],"wp:term":[{"taxonomy":"category","embeddable":true,"href":"https:\/\/www.gruppopdregionetoscana.it\/web\/wp-json\/wp\/v2\/categories?post=20891"},{"taxonomy":"post_tag","embeddable":true,"href":"https:\/\/www.gruppopdregionetoscana.it\/web\/wp-json\/wp\/v2\/tags?post=20891"}],"curies":[{"name":"wp","href":"https:\/\/api.w.org\/{rel}","templated":true}]}}