{"id":20916,"date":"2022-02-16T16:53:36","date_gmt":"2022-02-16T15:53:36","guid":{"rendered":"https:\/\/www.gruppopdregionetoscana.it\/web\/?p=20916"},"modified":"2022-02-16T16:53:40","modified_gmt":"2022-02-16T15:53:40","slug":"la-sanita-del-futuro-presentate-le-proposte-dei-consiglieri-pd-in-commissione-sanita-alla-fine-del-percorso-degli-stati-generali-della-salute-in-toscana","status":"publish","type":"post","link":"https:\/\/www.gruppopdregionetoscana.it\/web\/la-sanita-del-futuro-presentate-le-proposte-dei-consiglieri-pd-in-commissione-sanita-alla-fine-del-percorso-degli-stati-generali-della-salute-in-toscana\/","title":{"rendered":"La Sanit\u00e0 del futuro: presentate le proposte dei consiglieri PD in commissione Sanit\u00e0 alla fine del percorso degli Stati generali della salute in Toscana"},"content":{"rendered":"\n<p>Il capogruppo, <strong>Vincenzo Ceccarelli<\/strong>, il presidente della commissione Sanit\u00e0, <strong>Enrico Sostegni<\/strong>, e gli altri componenti Pd, <strong>Federica Fratoni<\/strong>, <strong>Donatella Spadi<\/strong> e <strong>Andrea Vannucci <\/strong>hanno tenuto questa mattina una conferenza stampa per illustrare il\u00a0 proprio contributo in vista della discussione sulla risoluzione.<\/p>\n<p>Undici grandi temi, undici sfide per la sanit\u00e0 toscana del futuro. Il gruppo consiliare PD in Regione ha presentato, nel corso di una conferenza stampa a Firenze, il proprio contributo che giunge alla fine del\u00a0 percorso partecipativo degli Stati generali della Salute in Toscana e che sar\u00e0 in discussione nelle prossime sedute della commissione Sanit\u00e0 e politiche sociali.<\/p>\n<p>Erano presenti il capogruppo, <strong>Vincenzo Ceccarelli<\/strong>, il presidente della commissione Sanit\u00e0, <strong>Enrico Sostegni<\/strong>, e gli altri componenti Pd della commissione: <strong>Federica Fratoni<\/strong>, <strong>Donatella Spadi<\/strong> e <strong>Andrea Vannucci<\/strong>.<\/p>\n<p><img loading=\"lazy\" decoding=\"async\" class=\"alignleft  wp-image-20918\" src=\"https:\/\/www.gruppopdregionetoscana.it\/web\/wp-content\/uploads\/2022\/02\/02-300x209.jpg\" alt=\"\" width=\"367\" height=\"256\" srcset=\"https:\/\/www.gruppopdregionetoscana.it\/web\/wp-content\/uploads\/2022\/02\/02-300x209.jpg 300w, https:\/\/www.gruppopdregionetoscana.it\/web\/wp-content\/uploads\/2022\/02\/02-1024x713.jpg 1024w, https:\/\/www.gruppopdregionetoscana.it\/web\/wp-content\/uploads\/2022\/02\/02.jpg 1200w\" sizes=\"auto, (max-width: 367px) 100vw, 367px\" \/>\u00abTra le altre cose \u2013 ha detto <strong>Ceccarelli<\/strong> \u2013 la pandemia ci ha insegnato che dare risorse finanziarie alla sanit\u00e0, se spese bene, significa investire in salute ma anche in economia. Il nostro contributo, alla fine del percorso partecipativo degli Stati generali della Salute, si articolo in undici punti, undici sfide per la sanit\u00e0 del futuro. A qualche anno di distanza dall\u2019ultima riforma, vogliamo ribadire che la sanit\u00e0 toscana deve continuare ad essere a forte trazione pubblica.<\/p>\n<p>Intanto, partiamo da un dato: la lezione della pandemia e le indicazioni del Pnrr ci dicono che la sanit\u00e0 territoriale \u00e8 quella che maggiormente dovr\u00e0 essere rafforzata in futuro.\u00a0 Al momento prevediamo una dotazione complessiva di 78 Case di Comunit\u00e0, 24 Ospedali di Comunit\u00e0, 37 Centrali Operative Territoriali.<\/p>\n<p>Servizi sul territorio che andranno intrecciati con alcune innovazioni, quali ad esempio quella dell\u2019istituzione dello psicologo di base, un nuovo approccio nel rapporto tra territorio e ospedale,il grande tema della digitalizzazione.\u00a0 In estrema sintesi: noi proponiamo di investire sulla prevenzione, sul rafforzamento dell\u2019organizzazione della sanit\u00e0 territoriale, potenziando e allargandone i servizi, promuovere l\u2019innovazione, la ricerca e la modernizzazione del sistema, valorizzare il personale sanitario attraverso la formazione e rafforzare i servizi per la non autosufficienza. Infine, ma non per ultimo, un\u2019attenzione particolare alle liste d\u2019attesa, problema che bisogna aggredire per tornare ai livelli pre-Covid\u00bb.<\/p>\n<p>Il presidente della commissione Sanit\u00e0, Enrico Sostegni, ha poi fatto il punto sul percorso istituzionale.<\/p>\n<p>\u00abOggi presentiamo il contributo di proposte del Pd \u2013 ha detto <strong>Sostegni<\/strong> \u2013 Insieme alle altre che arriveranno in commissione cercheremo di fare sintesi e di portare in aula, entro il mese di marzo durante una seduta speciale sulla sanit\u00e0, il testo di una risoluzione il pi\u00f9 possibile condivisa. La fine del percorso degli Stati generali che segna, di fatto, l\u2019avvio del percorso della nuova programmazione socio-sanitaria in Toscana.<\/p>\n<p>Con queste proposte, il gruppo Pd prova a dare un quadro completo di scelte e anche a tenere dei punti fermi, delle certezze per il sistema. Come ad esempio sulla governance, confermando la struttura delle 3 Asl, ma senza nascondere alcune criticit\u00e0,come quella relativa ai rapporti tra aziende territoriali e aziende universitarie e proponendo una specifica struttura in assessorato che si occupi del raccordo.<\/p>\n<p>Per quanto riguarda la sanit\u00e0 territoriale, confermiamo la bont\u00e0 del modello delle Case di comunit\u00e0 ma allo stesso tempo riteniamo che ci sia bisogno di rafforzare la governance territoriale anche attraverso lo strumento della Societ\u00e0 della Salute, che noi pensiamo debbano essere una per ogni Zona distretto. Ed \u00e8 il quello il luogo dove si discutono le politiche territoriali socio-sanitarie.<\/p>\n<p>Vi \u00e8 poi il punto dell\u2019innovazione digitale: nei prossimi anni questo comporter\u00e0 cambiamenti fondamentali e che ancora oggi non riusciamo a cogliere pienamente. Come pure per quanto riguarda le politiche socio-sanitarie, dove riteniamo che i due capisaldi siano la personalizzazione degli interventi e la pluralit\u00e0 dei servizi. E qui c\u2019\u00e8 anche il tema delle Rsa: dobbiamo riuscire a mantenere un livello dell\u2019offerta che ci porti a realizzare non un solo tipo di servizio ma una pluralit\u00e0 di servizi sui territori e che questi rispettino i requisiti di eccellenza che la Toscana ha fissato\u00bb.<\/p>\n<p>Dopo Ceccarelli e Sostegni, sono intervenuti anche gli altri componenti Pd della commissione Sanit\u00e0.<\/p>\n<p>Donatella <strong>Spadi<\/strong> ha messo in risalto alcuni punti, a partire dalla governance con \u00abla partecipazione del Consiglio dei sanitari nelle direzioni ospedaliere, cosa che valorizza le figure tecniche. Altra questione fondamentale riguarda la carenza del personale medico ed infermieristico, cosa particolarmente avvertita nelle aree interne e disagiate. Su questo occorre uno sforzo anche nazionale. Altra questione che abbiamo sottolineato \u00e8 quella dell\u2019esigenza di uniformare il servizio di emergenza urgenza, anche per quanto attiene i requisiti tecnici e la composizione minima dell\u2019equipaggio degli autoveicoli di soccorso delle Aziende, con l\u2019obiettivo di garantire una risposta appropriata, tempestiva e omogenea su tutto il territorio regionale\u00bb.<\/p>\n<p>Per Federica <strong>Fratoni<\/strong> \u00abci sono le condizioni, dopo lo \u201cstress\u201d al quale \u00e8 stato sottoposto il sistema dalla pandemia, di ripartire per una nuova stagione con rinnovato vigore. Anch\u2019io voglio mettere in risalto i temi della sanit\u00e0 territoriale, dove l\u2019integrazione dei servizi socio-sanitari deve essere centrale. Dobbiamo produrre un salto di qualit\u00e0 su questo punto, perch\u00e9 essa costituisce la leva con la quale procedere a una presa in cura complessiva del cittadino. E qui anche il Terzo settore \u00e8 chiamato ad assumere un ruolo da protagonista. E, infine, penso alle Case di comunit\u00e0 che oggi siamo abituati a ritenere dei grandi poliambulatori e che invece dovranno essere luogo di \u201cresidenza\u201d di tutti i servizi attinenti alla cura, alla prevenzione e alla presa in carico, anche i servizi sociali che oggi sono in capo ai Comuni\u00bb.<\/p>\n<p>Andrea <strong>Vannucci<\/strong> ha sottolineato il buon lavoro della commissione e ha sottolineato che le proposte avanzate oggi \u00abvanno nella direzione di non sprecare gli insegnamenti che la crisi pandemica ci ha dato. Del resto proprio durante l\u2019emergenza Covid abbiamo toccato con mano dei cambiamenti, nuovi modelli di intervento da valorizzare e implementare. Le nostre proposte sono tante ed \u00e8 difficile fare un elenco esaustivo ma quello che voglio sottolineare \u00e8 lo sforzo in sanit\u00e0 di dare dignit\u00e0 e valore alla parola \u201csistema\u201d, una cosa che deve funzionare bene, dove tutti gli ingranaggi si muovono per fare in modo che il meccanismo complessivo svolga la funzione per la quale \u00e8 stato programmato. E questi ingranaggi sono: gli ospedali, il territorio, il digitale, i servizi sociali, l\u2019integrazione dei servizi\u00bb.<\/p>\n","protected":false},"excerpt":{"rendered":"<p>Il capogruppo, Vincenzo Ceccarelli, il presidente della commissione Sanit\u00e0, Enrico Sostegni, e gli altri componenti Pd, Federica Fratoni, Donatella Spadi e Andrea Vannucci hanno tenuto questa mattina una conferenza stampa per illustrare il\u00a0 proprio contributo in vista della discussione sulla risoluzione. Undici grandi temi, undici sfide per la sanit\u00e0 toscana del futuro. Il gruppo consiliare [&hellip;]<\/p>\n","protected":false},"author":1,"featured_media":20917,"comment_status":"closed","ping_status":"closed","sticky":false,"template":"","format":"standard","meta":{"_jetpack_memberships_contains_paid_content":false,"footnotes":""},"categories":[2239,30,2238,972,2232,2222],"tags":[101],"class_list":{"0":"post-20916","1":"post","2":"type-post","3":"status-publish","4":"format-standard","5":"has-post-thumbnail","7":"category-andrea-vannucci","8":"category-comunicati-stampa","9":"category-donatella-spadi","10":"category-enrico-sostegni","11":"category-federica-fratoni","12":"category-vincenzo-ceccarelli","13":"tag-sanita","14":"czr-hentry"},"jetpack_featured_media_url":"https:\/\/www.gruppopdregionetoscana.it\/web\/wp-content\/uploads\/2022\/02\/01.jpg","jetpack_sharing_enabled":true,"_links":{"self":[{"href":"https:\/\/www.gruppopdregionetoscana.it\/web\/wp-json\/wp\/v2\/posts\/20916","targetHints":{"allow":["GET"]}}],"collection":[{"href":"https:\/\/www.gruppopdregionetoscana.it\/web\/wp-json\/wp\/v2\/posts"}],"about":[{"href":"https:\/\/www.gruppopdregionetoscana.it\/web\/wp-json\/wp\/v2\/types\/post"}],"author":[{"embeddable":true,"href":"https:\/\/www.gruppopdregionetoscana.it\/web\/wp-json\/wp\/v2\/users\/1"}],"replies":[{"embeddable":true,"href":"https:\/\/www.gruppopdregionetoscana.it\/web\/wp-json\/wp\/v2\/comments?post=20916"}],"version-history":[{"count":0,"href":"https:\/\/www.gruppopdregionetoscana.it\/web\/wp-json\/wp\/v2\/posts\/20916\/revisions"}],"wp:featuredmedia":[{"embeddable":true,"href":"https:\/\/www.gruppopdregionetoscana.it\/web\/wp-json\/wp\/v2\/media\/20917"}],"wp:attachment":[{"href":"https:\/\/www.gruppopdregionetoscana.it\/web\/wp-json\/wp\/v2\/media?parent=20916"}],"wp:term":[{"taxonomy":"category","embeddable":true,"href":"https:\/\/www.gruppopdregionetoscana.it\/web\/wp-json\/wp\/v2\/categories?post=20916"},{"taxonomy":"post_tag","embeddable":true,"href":"https:\/\/www.gruppopdregionetoscana.it\/web\/wp-json\/wp\/v2\/tags?post=20916"}],"curies":[{"name":"wp","href":"https:\/\/api.w.org\/{rel}","templated":true}]}}