{"id":20934,"date":"2022-02-23T15:33:27","date_gmt":"2022-02-23T14:33:27","guid":{"rendered":"https:\/\/www.gruppopdregionetoscana.it\/web\/?p=20934"},"modified":"2022-02-23T15:33:31","modified_gmt":"2022-02-23T14:33:31","slug":"custodi-della-montagna-approvata-la-legge-regionale","status":"publish","type":"post","link":"https:\/\/www.gruppopdregionetoscana.it\/web\/custodi-della-montagna-approvata-la-legge-regionale\/","title":{"rendered":"\u201cCustodi della montagna\u201d, approvata la legge regionale"},"content":{"rendered":"\n<p>Il primo firmatario\u00a0 Vincenzo Ceccarelli: \u00abIncentivi e contributi per chi lavora e svolge attivit\u00e0 sociali in montagna\u00bb.<\/p>\n<p>\u00abCon questa legge mettiamo in campo misure concrete per rivitalizzare l\u2019economia e il tessuto sociale dei territori montani e delle aree interne, non attraverso sussidi bens\u00ec sostenendo il lavoro, le attivit\u00e0 economiche, le attivit\u00e0 sociali in favore delle comunit\u00e0 locali e la custodia del territorio\u00bb.<\/p>\n<p><img loading=\"lazy\" decoding=\"async\" class=\"alignleft  wp-image-19706\" src=\"https:\/\/www.gruppopdregionetoscana.it\/web\/wp-content\/uploads\/2020\/11\/vincenzo-ceccarelli.jpg\" alt=\"\" width=\"341\" height=\"227\" \/>Con queste parole <strong>Vincenzo Ceccarelli<\/strong>, capogruppo Pd e primo firmatario della legge, commenta con soddisfazione l\u2019approvazione della legge denominata \u201cCustodi della montagna&#8221; avvenuta questa mattina in aula.<\/p>\n<p>\u00abDa molti anni assistiamo ad un fenomeno di spopolamento delle aree montane, da dove i cittadini, soprattutto i pi\u00f9 giovani, si spostano verso i grandi centri urbani \u2013 spiega <strong>Ceccarelli<\/strong> &#8211; Per contrastare questo esodo e permettere a chi vuole di rimanere a vivere in questi territori, che hanno un grande valore e rappresentano una grande ricchezza per la Toscana, dobbiamo garantire l\u2019adeguato accesso ai servizi ma soprattutto sostenere il lavoro, incentivando la creazione di nuove attivit\u00e0 economiche e commerciali. Come pure \u00e8 necessario mettere in campo azioni per rivitalizzare il tessuto sociale e la cura del territorio\u00bb.<\/p>\n<p><img loading=\"lazy\" decoding=\"async\" class=\"alignleft  wp-image-19866\" src=\"https:\/\/www.gruppopdregionetoscana.it\/web\/wp-content\/uploads\/2021\/01\/Puppa.png\" alt=\"\" width=\"210\" height=\"210\" \/>\u00abAbbiamo apportato alcune migliorie al testo \u2013 spiega <strong>Mario Puppa<\/strong>, vicepresidente della commissione Sviluppo economico -. E\u2019 stato ampliato il bando alle imprese che si trovano a 500 metri sul livello del mare e non pi\u00f9 a 600. Inoltre, tra i criteri di priorit\u00e0 ci sono l\u2019ubicazione della sede operativa in comuni montani, \u201cpi\u00f9 alto \u00e8 l\u2019indice di disagio pi\u00f9 viene riconosciuta priorit\u00e0 all\u2019impresa\u201d e \u201cdove c\u2019\u00e8 una minor presenza di attivit\u00e0 produttive\u201d e \u201clo svolgimento di attivit\u00e0 in ambito commerciale\u201d. Siamo consapevoli che non sar\u00e0 certo sufficiente questa legge a risolvere tutti i problemi, ma siamo convinti che possa rappresentare un passo in avanti e un segnale importante da dare a questi territori\u00bb.<\/p>\n<p>La legge approvata oggi\u00a0 prevede anche un contributo aggiuntivo, pari al 20%, nel caso in cui le imprese stipulino con il Comune un \u201cpatto\u201d finalizzato alla tutela del territorio in ambito forestale, la cura del territorio in generale o attivit\u00e0 sociali in favore della collettivit\u00e0. Infine, per sostenere anche il mantenimento delle imprese esistenti, si prevede per coloro che gi\u00e0 operano su quei territori la possibilit\u00e0 di stipulare con il Comune patti di territorialit\u00e0 e di ottenere un contributo a fondo perduto di 15mila euro in 5 anni.\u00a0<\/p>\n<p>\u00abSi tratta di una legge innovativa a livello nazionale, una sperimentazione ambiziosa, per dare un sostegno a chi lavora e vive in montagna \u2013 aggiunge <strong>Ceccarelli<\/strong> &#8211; In questi mesi la Regione ha messo al centro i temi dello sviluppo delle aree interne e montane, con l\u2019istituzione di un\u2019apposita commissione del Consiglio regionale e la predisposizione di tante proposte sul lavoro e sui servizi. Noi vogliamo ridurre le diseguaglianze territoriali facendo s\u00ec che le aree interne e montane possano crescere allo stesso livello delle aree urbane e che tutti i cittadini abbiano le stesse possibilit\u00e0 indipendentemente dal luogo in cui vivono\u00bb.<\/p>\n<p>\u00a0<\/p>\n","protected":false},"excerpt":{"rendered":"<p>Il primo firmatario\u00a0 Vincenzo Ceccarelli: \u00abIncentivi e contributi per chi lavora e svolge attivit\u00e0 sociali in montagna\u00bb. \u00abCon questa legge mettiamo in campo misure concrete per rivitalizzare l\u2019economia e il tessuto sociale dei territori montani e delle aree interne, non attraverso sussidi bens\u00ec sostenendo il lavoro, le attivit\u00e0 economiche, le attivit\u00e0 sociali in favore delle [&hellip;]<\/p>\n","protected":false},"author":1,"featured_media":18554,"comment_status":"closed","ping_status":"closed","sticky":false,"template":"","format":"standard","meta":{"_jetpack_memberships_contains_paid_content":false,"footnotes":""},"categories":[30,2237,2222],"tags":[],"class_list":{"0":"post-20934","1":"post","2":"type-post","3":"status-publish","4":"format-standard","5":"has-post-thumbnail","7":"category-comunicati-stampa","8":"category-mario-puppa","9":"category-vincenzo-ceccarelli","10":"czr-hentry"},"jetpack_featured_media_url":"https:\/\/www.gruppopdregionetoscana.it\/web\/wp-content\/uploads\/2019\/06\/paese-di-montagna.jpg","jetpack_sharing_enabled":true,"_links":{"self":[{"href":"https:\/\/www.gruppopdregionetoscana.it\/web\/wp-json\/wp\/v2\/posts\/20934","targetHints":{"allow":["GET"]}}],"collection":[{"href":"https:\/\/www.gruppopdregionetoscana.it\/web\/wp-json\/wp\/v2\/posts"}],"about":[{"href":"https:\/\/www.gruppopdregionetoscana.it\/web\/wp-json\/wp\/v2\/types\/post"}],"author":[{"embeddable":true,"href":"https:\/\/www.gruppopdregionetoscana.it\/web\/wp-json\/wp\/v2\/users\/1"}],"replies":[{"embeddable":true,"href":"https:\/\/www.gruppopdregionetoscana.it\/web\/wp-json\/wp\/v2\/comments?post=20934"}],"version-history":[{"count":0,"href":"https:\/\/www.gruppopdregionetoscana.it\/web\/wp-json\/wp\/v2\/posts\/20934\/revisions"}],"wp:featuredmedia":[{"embeddable":true,"href":"https:\/\/www.gruppopdregionetoscana.it\/web\/wp-json\/wp\/v2\/media\/18554"}],"wp:attachment":[{"href":"https:\/\/www.gruppopdregionetoscana.it\/web\/wp-json\/wp\/v2\/media?parent=20934"}],"wp:term":[{"taxonomy":"category","embeddable":true,"href":"https:\/\/www.gruppopdregionetoscana.it\/web\/wp-json\/wp\/v2\/categories?post=20934"},{"taxonomy":"post_tag","embeddable":true,"href":"https:\/\/www.gruppopdregionetoscana.it\/web\/wp-json\/wp\/v2\/tags?post=20934"}],"curies":[{"name":"wp","href":"https:\/\/api.w.org\/{rel}","templated":true}]}}