{"id":20944,"date":"2022-02-28T12:48:04","date_gmt":"2022-02-28T11:48:04","guid":{"rendered":"https:\/\/www.gruppopdregionetoscana.it\/web\/?p=20944"},"modified":"2022-02-28T12:50:39","modified_gmt":"2022-02-28T11:50:39","slug":"elba-ospedale-di-portoferraio-mozione-di-anselmi-reparto-di-nefrologia-dialisi-e-in-grande-sofferenza-necessario-attivare-meccanismi-efficaci-per-reperire-medici-e-infermieri","status":"publish","type":"post","link":"https:\/\/www.gruppopdregionetoscana.it\/web\/elba-ospedale-di-portoferraio-mozione-di-anselmi-reparto-di-nefrologia-dialisi-e-in-grande-sofferenza-necessario-attivare-meccanismi-efficaci-per-reperire-medici-e-infermieri\/","title":{"rendered":"Elba, Ospedale di Portoferraio, mozione di Anselmi: \u00abReparto di Nefrologia-Dialisi \u00e8 in grande sofferenza. Necessario attivare meccanismi efficaci per reperire medici e infermieri\u00bb"},"content":{"rendered":"\n<p style=\"font-weight: 400;\"><em><img loading=\"lazy\" decoding=\"async\" class=\" wp-image-19844 alignright\" src=\"https:\/\/www.gruppopdregionetoscana.it\/web\/wp-content\/uploads\/2021\/01\/Anselmi_sito.png\" alt=\"\" width=\"203\" height=\"203\" \/>Sulla carenza di personale sanitario presso la struttura di Portoferraio, Gianni Anselmi, consigliere regionale Pd, sollecita la Giunta ad intervenire: \u00abServe una dotazione di personale adeguata al fine di dare risposte ai bisogni di salute di residenti e turisti\u00bb<\/em><\/p>\n<p style=\"font-weight: 400;\">\u00abLa carenza di personale sanitario rappresenta uno degli elementi di criticit\u00e0 del Sistema Sanitario Nazionale. Una lacuna particolarmente sentita nei territori insulari, sia per le specificit\u00e0 del territorio che necessitano di mantenere l\u2019accesso ai servizi in maniera costante che per la forte stagionalit\u00e0 degli abitanti. L\u2019Ospedale Civile Elbano registra una mancanza di personale in alcuni reparti: in modo particolare in quello di Nefrologia-Dialisi \u00e8 rimasto in servizio soltanto un medico. Le sedute vengono garantite grazie all\u2019integrazione con i medici di medicina generale. Sulle criticit\u00e0 complessive dell\u2019ospedale \u00e8 in corso un lavoro, in interlocuzione con le istituzioni elbane, dell\u2019assessore regionale alla Sanit\u00e0 Simone Bezzini e della direzione generale della ASL Nord Ovest. Con entrambi saremo presto all\u2019Elba per un aggiornamento con la comunit\u00e0 sulle attivit\u00e0 e lo stato di avanzamento degli impegni assunti. Nel frattempo con una mozione chiedo alla Giunta regionale di attivarsi, di concerto con Azienda USL Toscana Nord Ovest, per avviare meccanismi efficaci di reperimento di personale per l\u2019Ospedale di Portoferraio. L\u2019obiettivo \u00e8 garantire la piena funzionalit\u00e0 della struttura, con particolare riferimento al servizio di Nefrologia-Dialisi, anche tenendo conto dell\u2019avvicinarsi della stagione estiva e al previsto aumento dei flussi turistici sull\u2019isola\u00bb. \u00c8 quanto chiede alla Giunta regionale,\u00a0<strong>Gianni Anselmi<\/strong>, consigliere regionale Pd, con la mozione\u00a0\u00a0<em>\u201cIn merito al reperimento di personale per quanto concerne l\u2019Ospedale Civile Elbano al fine di garantire la piena funzionalit\u00e0 dei reparti, con particolare riferimento al sevizio di Nefrologia-Dialisi\u201d.<\/em><\/p>\n<p style=\"font-weight: 400;\">\u00abL\u2019isola d\u2019Elba, cos\u00ec come riportato nei Piani di Area Vasta, passa dai circa 30mila abitanti nel corso dell\u2019anno a circa 200mila presenze nella stagione estiva: un aumento che naturalmente determina un maggiore domanda sanitaria \u2013 continua<strong>\u00a0Anselmi<\/strong>\u00a0\u2013 Ricordo, inoltre, che proprio alcune settimane fa ho presentato all\u2019Assemblea una mozione per il reperimento di personale negli ospedali periferici, per sollecitare un progetto regionale volto ad occuparsi del personale in questi presidi. La difesa e il consolidamento dei servizi dell\u2019Ospedale di Portoferraio \u00e8 un tema molto sentito dalla comunit\u00e0 elbana al fine di dare adeguate risposte ai bisogni di salute dei residenti e di coloro che vivono l\u2019isola durante la stagione estiva &#8211; conclude\u00a0<strong>Anselmi\u00a0<\/strong>&#8211; Una prerogativa che prevede la necessit\u00e0 di garantire un sistema sanitario pubblico e universalistico, sempre pi\u00f9 efficiente ed orientato a ridurre le disparit\u00e0 territoriali\u00bb.<\/p>\n","protected":false},"excerpt":{"rendered":"<p>Sulla carenza di personale sanitario presso la struttura di Portoferraio, Gianni Anselmi, consigliere regionale Pd, sollecita la Giunta ad intervenire: \u00abServe una dotazione di personale adeguata al fine di dare risposte ai bisogni di salute di residenti e turisti\u00bb \u00abLa carenza di personale sanitario rappresenta uno degli elementi di criticit\u00e0 del Sistema Sanitario Nazionale. Una [&hellip;]<\/p>\n","protected":false},"author":41,"featured_media":20947,"comment_status":"closed","ping_status":"closed","sticky":false,"template":"","format":"standard","meta":{"_jetpack_memberships_contains_paid_content":false,"footnotes":""},"categories":[30,957],"tags":[],"class_list":{"0":"post-20944","1":"post","2":"type-post","3":"status-publish","4":"format-standard","5":"has-post-thumbnail","7":"category-comunicati-stampa","8":"category-gianni-anselmi","9":"czr-hentry"},"jetpack_featured_media_url":"https:\/\/www.gruppopdregionetoscana.it\/web\/wp-content\/uploads\/2022\/02\/ospedale-portoferraio.jpeg","jetpack_sharing_enabled":true,"_links":{"self":[{"href":"https:\/\/www.gruppopdregionetoscana.it\/web\/wp-json\/wp\/v2\/posts\/20944","targetHints":{"allow":["GET"]}}],"collection":[{"href":"https:\/\/www.gruppopdregionetoscana.it\/web\/wp-json\/wp\/v2\/posts"}],"about":[{"href":"https:\/\/www.gruppopdregionetoscana.it\/web\/wp-json\/wp\/v2\/types\/post"}],"author":[{"embeddable":true,"href":"https:\/\/www.gruppopdregionetoscana.it\/web\/wp-json\/wp\/v2\/users\/41"}],"replies":[{"embeddable":true,"href":"https:\/\/www.gruppopdregionetoscana.it\/web\/wp-json\/wp\/v2\/comments?post=20944"}],"version-history":[{"count":0,"href":"https:\/\/www.gruppopdregionetoscana.it\/web\/wp-json\/wp\/v2\/posts\/20944\/revisions"}],"wp:featuredmedia":[{"embeddable":true,"href":"https:\/\/www.gruppopdregionetoscana.it\/web\/wp-json\/wp\/v2\/media\/20947"}],"wp:attachment":[{"href":"https:\/\/www.gruppopdregionetoscana.it\/web\/wp-json\/wp\/v2\/media?parent=20944"}],"wp:term":[{"taxonomy":"category","embeddable":true,"href":"https:\/\/www.gruppopdregionetoscana.it\/web\/wp-json\/wp\/v2\/categories?post=20944"},{"taxonomy":"post_tag","embeddable":true,"href":"https:\/\/www.gruppopdregionetoscana.it\/web\/wp-json\/wp\/v2\/tags?post=20944"}],"curies":[{"name":"wp","href":"https:\/\/api.w.org\/{rel}","templated":true}]}}