{"id":20972,"date":"2022-03-09T14:38:02","date_gmt":"2022-03-09T13:38:02","guid":{"rendered":"https:\/\/www.gruppopdregionetoscana.it\/web\/?p=20972"},"modified":"2022-03-09T14:38:04","modified_gmt":"2022-03-09T13:38:04","slug":"fimer-terranuova-bracciolini-ar-il-consiglio-regionale-unanime-al-fianco-dei-lavoratori","status":"publish","type":"post","link":"https:\/\/www.gruppopdregionetoscana.it\/web\/fimer-terranuova-bracciolini-ar-il-consiglio-regionale-unanime-al-fianco-dei-lavoratori\/","title":{"rendered":"Fimer Terranuova Bracciolini (Ar), Il Consiglio regionale unanime al fianco dei lavoratori"},"content":{"rendered":"\n<p><strong>Approvata mozione di Ceccarelli (Pd): \u00abMettere in campo tutte le iniziative necessarie a salvaguardare occupazione\u00bb<\/strong><\/p>\n<p>Il Consiglio regionale ha approvato all\u2019unanimit\u00e0 una mozione, proposta dal gruppo Pd, per sostenere la vertenza dei lavoratori della Fimer di Terranuova Bracciolini (Arezzo).<\/p>\n<p>La Regione si impegner\u00e0 quindi a \u201ccontinuare l\u2019azione di monitoraggio e di confronto in sede di Unit\u00e0 di crisi lavoro ed in occasione delle prossime riunioni convocate presso il MISE, mettendo in campo tutte le iniziative necessarie a garantire la salvaguardia occupazionale e la ripartenza dell\u2019attivit\u00e0 produttiva dello stabilimento e dell\u2019indotto della Fimer.<\/p>\n<p>\u00abLa Fimer \u2013 spiega <strong>Vincenzo<\/strong> <strong>Ceccarelli<\/strong>, primo firmatario della mozione approvata \u2013 \u00e8 senza dubbio una grande risorsa produttiva per il territorio del Valdarno e per l\u2019intera Toscana, un\u2019azienda che d\u00e0 lavoro a circa 800 persone, tra dipendenti e indotto, e riveste un grande rilievo sotto il profilo economico e sociale. La Regione Toscana si \u00e8 attivata fin dall\u2019inizio della crisi, sulla base delle richieste pervenute dalle organizzazioni sindacali e dai sindaci del territorio, convocando dei tavoli e facendosi interprete presso la propriet\u00e0 delle richieste di sostegno pervenute da alcuni fornitori. Venerd\u00ec \u00e8 convocato il tavolo regionale in vista del nuovo incontro al Mise, ipotizzato per met\u00e0 marzo, e che auspichiamo sia quello decisivo. Occorre intensificare questo impegno, chiediamo alla propriet\u00e0 di fare chiarezza, in tempi brevi, sul rafforzamento della compagine per dare la liquidit\u00e0 necessaria alla ripresa completa dell&#8217;attivit\u00e0 produttiva e chiediamo anche un piano industriale chiaro che dia una prospettiva allo stabilimento di Terranuova Bracciolini. Con l\u2019approvazione di questa mozione, ribadiamo la nostra vicinanza ai lavoratori, che sono in mobilitazione permanente da mesi, alle loro famiglie e a tutta la comunit\u00e0 valdarnese\u00bb.<\/p>\n","protected":false},"excerpt":{"rendered":"<p>Approvata mozione di Ceccarelli (Pd): \u00abMettere in campo tutte le iniziative necessarie a salvaguardare occupazione\u00bb Il Consiglio regionale ha approvato all\u2019unanimit\u00e0 una mozione, proposta dal gruppo Pd, per sostenere la vertenza dei lavoratori della Fimer di Terranuova Bracciolini (Arezzo). La Regione si impegner\u00e0 quindi a \u201ccontinuare l\u2019azione di monitoraggio e di confronto in sede di [&hellip;]<\/p>\n","protected":false},"author":1,"featured_media":20973,"comment_status":"closed","ping_status":"closed","sticky":false,"template":"","format":"standard","meta":{"_jetpack_memberships_contains_paid_content":false,"footnotes":""},"categories":[30,2222],"tags":[],"class_list":{"0":"post-20972","1":"post","2":"type-post","3":"status-publish","4":"format-standard","5":"has-post-thumbnail","7":"category-comunicati-stampa","8":"category-vincenzo-ceccarelli","9":"czr-hentry"},"jetpack_featured_media_url":"https:\/\/www.gruppopdregionetoscana.it\/web\/wp-content\/uploads\/2022\/03\/ceccarelli-fimer-1.jpeg","jetpack_sharing_enabled":true,"_links":{"self":[{"href":"https:\/\/www.gruppopdregionetoscana.it\/web\/wp-json\/wp\/v2\/posts\/20972","targetHints":{"allow":["GET"]}}],"collection":[{"href":"https:\/\/www.gruppopdregionetoscana.it\/web\/wp-json\/wp\/v2\/posts"}],"about":[{"href":"https:\/\/www.gruppopdregionetoscana.it\/web\/wp-json\/wp\/v2\/types\/post"}],"author":[{"embeddable":true,"href":"https:\/\/www.gruppopdregionetoscana.it\/web\/wp-json\/wp\/v2\/users\/1"}],"replies":[{"embeddable":true,"href":"https:\/\/www.gruppopdregionetoscana.it\/web\/wp-json\/wp\/v2\/comments?post=20972"}],"version-history":[{"count":0,"href":"https:\/\/www.gruppopdregionetoscana.it\/web\/wp-json\/wp\/v2\/posts\/20972\/revisions"}],"wp:featuredmedia":[{"embeddable":true,"href":"https:\/\/www.gruppopdregionetoscana.it\/web\/wp-json\/wp\/v2\/media\/20973"}],"wp:attachment":[{"href":"https:\/\/www.gruppopdregionetoscana.it\/web\/wp-json\/wp\/v2\/media?parent=20972"}],"wp:term":[{"taxonomy":"category","embeddable":true,"href":"https:\/\/www.gruppopdregionetoscana.it\/web\/wp-json\/wp\/v2\/categories?post=20972"},{"taxonomy":"post_tag","embeddable":true,"href":"https:\/\/www.gruppopdregionetoscana.it\/web\/wp-json\/wp\/v2\/tags?post=20972"}],"curies":[{"name":"wp","href":"https:\/\/api.w.org\/{rel}","templated":true}]}}