{"id":20976,"date":"2022-03-09T16:06:33","date_gmt":"2022-03-09T15:06:33","guid":{"rendered":"https:\/\/www.gruppopdregionetoscana.it\/web\/?p=20976"},"modified":"2022-03-09T16:06:36","modified_gmt":"2022-03-09T15:06:36","slug":"carenza-personale-sanitario-unanimita-a-mozione-di-anselmi-servono-misure-specifiche-per-assunzioni-nelle-strutture-dei-territori-periferici","status":"publish","type":"post","link":"https:\/\/www.gruppopdregionetoscana.it\/web\/carenza-personale-sanitario-unanimita-a-mozione-di-anselmi-servono-misure-specifiche-per-assunzioni-nelle-strutture-dei-territori-periferici\/","title":{"rendered":"Carenza personale sanitario, unanimit\u00e0 a mozione di Anselmi: \u00abServono misure specifiche per assunzioni nelle strutture dei territori periferici\u00bb"},"content":{"rendered":"\n<p style=\"font-weight: 400;\"><em>L\u2019atto, approvato ieri all&#8217;unanimit\u00e0 dal Consiglio, chiede alla Giunta regionale di attivare modelli organizzativi e contrattuali incentivanti per agevolare il reperimento di personale per gli\u00a0ospedali\u00a0considerati meno \u2018attrattivi\u2019<\/em><\/p>\n<p style=\"font-weight: 400;\"><em>\u00a0<\/em>\u00abLa mancanza di personale negli\u00a0ospedali\u00a0\u00e8 un problema urgente e diffuso specie nelle strutture\u00a0sanitarie\u00a0periferiche. Con l\u2019approvazione di questa mozione da parte dell\u2019Assemblea toscana impegniamo la Giunta regionale affinch\u00e9 possa portare a compimento, quanto prima e in coerenza con atti gi\u00e0 assunti nel marzo 2021, un progetto regionale per l\u2019attuazione di modelli organizzativi e contrattuali incentivanti e adeguati per risolvere la problematica del reperimento di personale per gli\u00a0ospedali\u00a0periferici. L\u2019obiettivo \u00e8 rafforzare la\u00a0sanit\u00e0\u00a0territoriale e generare risposte efficaci per le esigenze di salute dei cittadini residenti in tutte le aree della Toscana. La dimensione complessiva delle assunzioni necessita di orientamenti precisi nei territori con strutture ospedaliere meno attrattive. Tra i 39 presidi della regione non sono pochi gli ospedali pi\u00f9 deboli. Chiediamo alla Giunta regionale un set di strumenti che consenta ad un determinato novero di ospedali modalit\u00e0 di assunzione, destinazione e formazione incentivanti, dando seguito alla delibera e ai decreti che sono stati assunti su questo terreno. Con questa mozione vogliamo dare un contributo specifico al lavoro importante che \u00e8 stato portato avanti nel percorso degli Stati generali della salute in Toscana sulla riorganizzazione del sistema sanitario regionale. La difficolt\u00e0 nel reperimento del personale\u00a0sanitario, soprattutto medico, collocati in aree distanti dai grandi centri e nelle aree interne e in quelle insulari &#8211; ne \u00e8 un esempio la recente richiesta di potenziamento dell\u2019attuale copertura oraria della continuit\u00e0 assistenziale (ex guardia medica) all\u2019isola d\u2019Elba \u2013 \u00e8 una questione da affrontare, anche rispetto all\u2019aumento degli indici di invecchiamento della popolazione, alla crescita della cronicit\u00e0 e della fragilit\u00e0 e anche al di l\u00e0 della gestione straordinaria della pandemia\u00bb. \u00c8 quanto chiede alla Giunta regionale\u00a0<strong>Gianni Anselmi<\/strong>, consigliere regionale Pd, con la mozione\u00a0<em>\u201cIn merito alle azioni volte al reperimento di personale per gli\u00a0ospedali\u00a0considerati meno attrattivi per la componente professionale\u201d,\u00a0<\/em>approvata all\u2019unanimit\u00e0 dall\u2019Assemblea toscana durante la seduta di ieri.<\/p>\n<p style=\"font-weight: 400;\">\u00abLa Giunta regionale con delibera, la n.233 del 15\/03\/2021 e con un successivo decreto dirigenziale ha definito un percorso per adottare strumenti in grado di affrontare la problematica del reperimento di professionisti destinato a questo tipo di strutture \u2013 prosegue\u00a0<strong>Anselmi<\/strong>\u00a0&#8211; La delibera prevede, inoltre, una sperimentazione nell\u2019ambito del progetto per lo sviluppo del Presidio delle Valli Etrusche, due ospedali in rete in un unico presidio, realizzando un modello pilota.\u00a0L\u2019obiettivo \u00e8 dare una riposta ai nuovi bisogni\u00a0sanitari, valorizzando il personale impiegato e, tra le altre cose, incrementando\u00a0 l\u2019integrazione verticale con i servizi territoriali e orizzontale tra\u00a0ospedali\u00bb.<\/p>\n","protected":false},"excerpt":{"rendered":"<p>L\u2019atto, approvato ieri all&#8217;unanimit\u00e0 dal Consiglio, chiede alla Giunta regionale di attivare modelli organizzativi e contrattuali incentivanti per agevolare il reperimento di personale per gli\u00a0ospedali\u00a0considerati meno \u2018attrattivi\u2019 \u00a0\u00abLa mancanza di personale negli\u00a0ospedali\u00a0\u00e8 un problema urgente e diffuso specie nelle strutture\u00a0sanitarie\u00a0periferiche. Con l\u2019approvazione di questa mozione da parte dell\u2019Assemblea toscana impegniamo la Giunta regionale affinch\u00e9 possa [&hellip;]<\/p>\n","protected":false},"author":41,"featured_media":20834,"comment_status":"closed","ping_status":"closed","sticky":false,"template":"","format":"standard","meta":{"_jetpack_memberships_contains_paid_content":false,"footnotes":""},"categories":[30,957],"tags":[],"class_list":{"0":"post-20976","1":"post","2":"type-post","3":"status-publish","4":"format-standard","5":"has-post-thumbnail","7":"category-comunicati-stampa","8":"category-gianni-anselmi","9":"czr-hentry"},"jetpack_featured_media_url":"https:\/\/www.gruppopdregionetoscana.it\/web\/wp-content\/uploads\/2022\/01\/medici.png","jetpack_sharing_enabled":true,"_links":{"self":[{"href":"https:\/\/www.gruppopdregionetoscana.it\/web\/wp-json\/wp\/v2\/posts\/20976","targetHints":{"allow":["GET"]}}],"collection":[{"href":"https:\/\/www.gruppopdregionetoscana.it\/web\/wp-json\/wp\/v2\/posts"}],"about":[{"href":"https:\/\/www.gruppopdregionetoscana.it\/web\/wp-json\/wp\/v2\/types\/post"}],"author":[{"embeddable":true,"href":"https:\/\/www.gruppopdregionetoscana.it\/web\/wp-json\/wp\/v2\/users\/41"}],"replies":[{"embeddable":true,"href":"https:\/\/www.gruppopdregionetoscana.it\/web\/wp-json\/wp\/v2\/comments?post=20976"}],"version-history":[{"count":0,"href":"https:\/\/www.gruppopdregionetoscana.it\/web\/wp-json\/wp\/v2\/posts\/20976\/revisions"}],"wp:featuredmedia":[{"embeddable":true,"href":"https:\/\/www.gruppopdregionetoscana.it\/web\/wp-json\/wp\/v2\/media\/20834"}],"wp:attachment":[{"href":"https:\/\/www.gruppopdregionetoscana.it\/web\/wp-json\/wp\/v2\/media?parent=20976"}],"wp:term":[{"taxonomy":"category","embeddable":true,"href":"https:\/\/www.gruppopdregionetoscana.it\/web\/wp-json\/wp\/v2\/categories?post=20976"},{"taxonomy":"post_tag","embeddable":true,"href":"https:\/\/www.gruppopdregionetoscana.it\/web\/wp-json\/wp\/v2\/tags?post=20976"}],"curies":[{"name":"wp","href":"https:\/\/api.w.org\/{rel}","templated":true}]}}