{"id":20981,"date":"2022-03-16T12:02:09","date_gmt":"2022-03-16T11:02:09","guid":{"rendered":"https:\/\/www.gruppopdregionetoscana.it\/web\/?p=20981"},"modified":"2022-03-16T12:02:11","modified_gmt":"2022-03-16T11:02:11","slug":"massa-carrara-viabilita-mozione-di-bugliani-su-variante-santa-chiara-e-fivizzano-mare-due-priorita-per-la-lunigiana-su-cui-chiedo-limpegno-concreto-della-regione","status":"publish","type":"post","link":"https:\/\/www.gruppopdregionetoscana.it\/web\/massa-carrara-viabilita-mozione-di-bugliani-su-variante-santa-chiara-e-fivizzano-mare-due-priorita-per-la-lunigiana-su-cui-chiedo-limpegno-concreto-della-regione\/","title":{"rendered":"Massa Carrara, viabilit\u00e0;  mozione di Bugliani su variante Santa Chiara e Fivizzano Mare: \u00abDue priorit\u00e0 per la Lunigiana su cui chiedo l\u2019impegno concreto della Regione\u00bb"},"content":{"rendered":"\n<div><span style=\"font-family: Calibri,sans-serif; font-size: medium;\"><i><img loading=\"lazy\" decoding=\"async\" class=\"wp-image-19846 alignleft\" src=\"https:\/\/www.gruppopdregionetoscana.it\/web\/wp-content\/uploads\/2021\/01\/Bugliani_sito.png\" alt=\"\" width=\"249\" height=\"249\" \/>Il consigliere regionale Pd e presidente della Commissione affari istituzionali, Giacomo Bugliani, presenta una mozione sullo sviluppo infrastrutturale della Lunigiana orientale<\/i><\/span><\/div>\n<div><span style=\"font-family: Calibri,sans-serif; font-size: medium;\">\u00a0<\/span><\/div>\n<div align=\"justify\"><span style=\"font-family: Calibri,sans-serif; font-size: medium;\">\u00abLo sviluppo infrastrutturale della Lunigiana necessita di una rinnovata spinta, capace di creare una rete di collegamenti accessibile e adeguata ai bisogni di mobilit\u00e0 delle popolazioni. Dopo l\u2019appello congiunto dei giorni scorsi con il sindaco di Fivizzano, Gianluigi Giannetti, sul completamento del secondo lotto della variante Santa Chiara e sulla realizzazione della Fivizzano Mare, adesso presento una mozione in Consiglio regionale per chiedere alla Giunta due impegni precisi. Il primo \u00e8 arrivare in tempi rapidi al compimento del secondo lotto della variante di Santa Chiara, comprensivo del collegamento Gassano-Gragnola tra la SR446 e la Strada Provinciale 10. Con la prospettiva di creare una rete di collegamenti in grado di incrementare il diritto alla mobilit\u00e0, lo sviluppo e la valorizzazione del territorio. Il secondo impegno riguarda la cosiddetta Fivizzano-Mare. Su questa infrastruttura chiedo al governo toscano di farsi promotore di un tavolo di confronto, che giunga alla sottoscrizione di un Protocollo d\u2019intesa, tra le Regioni, le Province e le Amministrazioni comunali interessate alla realizzazione della strada di scorrimento veloce Reggio-Mare. Anche in questo caso siamo di fronte a un\u2019infrastruttura fondamentale per favorire la mobilit\u00e0 locale e interregionale, rafforzando la connessione tra l\u2019entroterra e la costa\u00bb. \u00c8 quanto chiede alla Giunta regionale\u00a0<b>Giacomo Bugliani<\/b>, consigliere regionale Pd e presidente della Commissione affari istituzionali attraverso la mozione\u00a0<i>\u201cIn merito al completamento del secondo Lotto della variante di Santa Chiara comprensivo del collegamento Gassano-Gragnola tra la SR446 e la Strada Provinciale 10 ed alla progettazione e realizzazione della strada di scorrimento veloce Reggio-Mare\u201d<\/i>.<\/span><\/div>\n<div align=\"justify\"><span style=\"font-family: Calibri,sans-serif; font-size: medium;\">\u00a0<\/span><\/div>\n<div align=\"justify\"><span style=\"font-family: Calibri,sans-serif; font-size: medium;\">\u00abLo sviluppo della viabilit\u00e0 \u00e8 uno strumento imprescindibile per sostenere la ripresa produttiva del nostro territorio e garantire alle popolazioni il diritto a una mobilit\u00e0 sicura e conforme alle caratteristiche di questa porzione di Toscana \u2013 continua\u00a0<b>Bugliani\u00a0<\/b>&#8211; L&#8217;intervento denominato \u201cSRT 445 della Garfagnana \u2013 Variante Santa Chiara II Lotto\u201d \u00e8 inserito nel Programma Triennale delle Opere Pubbliche per il triennio 2019-2021, e nel marzo 2021 \u00e8 stato sottoscritto il contratto per l\u2019esecuzione dei lavori mentre la consegna \u00e8 intervenuta nel maggio 2021. La Fivizzano-Mare \u00e8, invece, una strada a scorrimento veloce, gi\u00e0 inserita da parte della Provincia di Massa Carrara nel proprio piano delle opere, in grado di collegare Reggio Emilia con Fivizzano, fino a raggiungere la costa tirrenica. Questa infrastruttura consentirebbe non solo di agevolare la mobilit\u00e0 locale e interregionale ma, agevolando la connessione tra l\u2019entroterra e la costa, anche di agganciare lo sviluppo di un settore potenzialmente in crescita per quest\u2019area come il turismo. Come riporta anche il Piano di indirizzo territoriale regionale, l\u2019accessibilit\u00e0 viene considerata una condizione necessaria per lo sviluppo della competitivit\u00e0 dei territori \u2013 conclude<b>\u00a0Bugliani<\/b>\u00a0&#8211; Una prerogativa che nella nostra provincia dobbiamo declinare proprio sul versante infrastrutturale. In particolar modo nella Lunigiana abbiamo due priorit\u00e0 di intervento, che raccolgo in questa mozione e che auspico possano diventare presto un impegno concreto da parte della Regione\u00bb.<\/span><\/div>\n","protected":false},"excerpt":{"rendered":"<p>Il consigliere regionale Pd e presidente della Commissione affari istituzionali, Giacomo Bugliani, presenta una mozione sullo sviluppo infrastrutturale della Lunigiana orientale \u00a0 \u00abLo sviluppo infrastrutturale della Lunigiana necessita di una rinnovata spinta, capace di creare una rete di collegamenti accessibile e adeguata ai bisogni di mobilit\u00e0 delle popolazioni. Dopo l\u2019appello congiunto dei giorni scorsi con [&hellip;]<\/p>\n","protected":false},"author":41,"featured_media":20982,"comment_status":"closed","ping_status":"closed","sticky":false,"template":"","format":"standard","meta":{"_jetpack_memberships_contains_paid_content":false,"footnotes":""},"categories":[30,961],"tags":[],"class_list":{"0":"post-20981","1":"post","2":"type-post","3":"status-publish","4":"format-standard","5":"has-post-thumbnail","7":"category-comunicati-stampa","8":"category-giacomo-bugliani","9":"czr-hentry"},"jetpack_featured_media_url":"https:\/\/www.gruppopdregionetoscana.it\/web\/wp-content\/uploads\/2022\/03\/variante_santa_giulia.jpeg","jetpack_sharing_enabled":true,"_links":{"self":[{"href":"https:\/\/www.gruppopdregionetoscana.it\/web\/wp-json\/wp\/v2\/posts\/20981","targetHints":{"allow":["GET"]}}],"collection":[{"href":"https:\/\/www.gruppopdregionetoscana.it\/web\/wp-json\/wp\/v2\/posts"}],"about":[{"href":"https:\/\/www.gruppopdregionetoscana.it\/web\/wp-json\/wp\/v2\/types\/post"}],"author":[{"embeddable":true,"href":"https:\/\/www.gruppopdregionetoscana.it\/web\/wp-json\/wp\/v2\/users\/41"}],"replies":[{"embeddable":true,"href":"https:\/\/www.gruppopdregionetoscana.it\/web\/wp-json\/wp\/v2\/comments?post=20981"}],"version-history":[{"count":0,"href":"https:\/\/www.gruppopdregionetoscana.it\/web\/wp-json\/wp\/v2\/posts\/20981\/revisions"}],"wp:featuredmedia":[{"embeddable":true,"href":"https:\/\/www.gruppopdregionetoscana.it\/web\/wp-json\/wp\/v2\/media\/20982"}],"wp:attachment":[{"href":"https:\/\/www.gruppopdregionetoscana.it\/web\/wp-json\/wp\/v2\/media?parent=20981"}],"wp:term":[{"taxonomy":"category","embeddable":true,"href":"https:\/\/www.gruppopdregionetoscana.it\/web\/wp-json\/wp\/v2\/categories?post=20981"},{"taxonomy":"post_tag","embeddable":true,"href":"https:\/\/www.gruppopdregionetoscana.it\/web\/wp-json\/wp\/v2\/tags?post=20981"}],"curies":[{"name":"wp","href":"https:\/\/api.w.org\/{rel}","templated":true}]}}