{"id":21058,"date":"2022-05-04T16:57:25","date_gmt":"2022-05-04T14:57:25","guid":{"rendered":"https:\/\/www.gruppopdregionetoscana.it\/web\/?p=21058"},"modified":"2022-05-04T16:57:27","modified_gmt":"2022-05-04T14:57:27","slug":"coltano-base-militare-il-consiglio-regionale-approva-mozione-pd","status":"publish","type":"post","link":"https:\/\/www.gruppopdregionetoscana.it\/web\/coltano-base-militare-il-consiglio-regionale-approva-mozione-pd\/","title":{"rendered":"Coltano, Base militare, Il Consiglio regionale approva mozione Pd"},"content":{"rendered":"\n<p><strong>Ceccarelli: \u00abIntervento pesante e incompatibile con il Parco. La Regione continui sulla strada del confronto con il Governo e con l\u2019Arma\u00bb<\/strong><\/p>\n<p><strong>Pieroni: \u00abPosizione sgombra da pregiudizi, ma serve soluzione alternativa a tutela del territorio\u00bb<\/strong><\/p>\n<p>Il Consiglio regionale ha approvato una mozione proposta dal gruppo PD, primo firmatario il capogruppo <strong>Vincenzo Ceccarelli<\/strong>, che ha l\u2019obiettivo di scongiurare la realizzazione di una struttura militare all\u2019interno del Parco di Migliarino, San Rossore e Massaciuccoli in localit\u00e0 Coltano.<\/p>\n<p><img loading=\"lazy\" decoding=\"async\" class=\"alignleft  wp-image-19727\" src=\"https:\/\/www.gruppopdregionetoscana.it\/web\/wp-content\/uploads\/2020\/11\/vincenzo.jpg\" alt=\"\" width=\"286\" height=\"213\" \/>\u00abLa Toscana \u2013 ha detto <strong>Ceccarelli<\/strong> in aula presentando la mozione \u2013 ha sempre dimostrato disponibilit\u00e0 e sensibilit\u00e0 agli interessi di difesa nazionale e le strutture presenti lo testimoniano. Ma di fronte al progetto di Coltano riteniamo che la Regione debba esprimere la sua contrariet\u00e0 e continuare a lavorare per evitare che esso venga realizzato, almeno nei volumi prefigurati e, in ogni caso, mai nel perimetro del Parco. Un progetto \u2013 ha ricordato Ceccarelli \u2013 che prevede nuove urbanizzazioni ed edificazioni su un\u2019area complessiva di 445.000 mq, in un luogo soggetto a tutela ambientale e altri vincoli, poich\u00e9 area naturale protetta di grande valore naturalistico. Abbiamo fin da subito chiesto un impegno della Regione affinch\u00e9 si potesse aprire un canale di confronto con il comando generale dell\u2019Arma e con il ministero della Difesa. Un impegno che c\u2019\u00e8 stato, che continua proprio in queste ore e che crediamo possa attingere forza dal voto del Consiglio regionale sulla mozione\u00bb.<\/p>\n<p><img loading=\"lazy\" decoding=\"async\" class=\"alignleft size-medium wp-image-13412\" src=\"https:\/\/www.gruppopdregionetoscana.it\/web\/wp-content\/uploads\/2016\/07\/Andrea2-296x300.jpg\" alt=\"\" width=\"296\" height=\"300\" srcset=\"https:\/\/www.gruppopdregionetoscana.it\/web\/wp-content\/uploads\/2016\/07\/Andrea2-296x300.jpg 296w, https:\/\/www.gruppopdregionetoscana.it\/web\/wp-content\/uploads\/2016\/07\/Andrea2-1009x1024.jpg 1009w, https:\/\/www.gruppopdregionetoscana.it\/web\/wp-content\/uploads\/2016\/07\/Andrea2.jpg 1080w\" sizes=\"auto, (max-width: 296px) 100vw, 296px\" \/>\u00abSul progetto di realizzare una nuova base militare all\u2019interno del Parco di Migliarino e San Rossore occorre individuare una soluzione alternativa, preservando la vocazione ambientale di quell\u2019area e nell\u2019interesse dell\u2019Arma dei carabinieri e delle comunit\u00e0\u2013 dichiara <strong>Andrea Pieroni<\/strong>, consigliere regionale Pd, intervenendo in Aula &#8211;\u00a0 La nostra posizione \u00e8 chiaramente sgombra da pregiudiziali. Riteniamo legittime e comprensibili le richieste di riorganizzazione dell\u2019Arma dei carabinieri e per questo \u00e8 necessario continuare a lavorare per una soluzione efficace e funzionale, in grado di rispondere positivamente al bisogno di spazi dell\u2019esercito e delle forze armate. Di fronte a una vicenda cos\u00ec complessa \u00e8 necessario mettersi intorno a un tavolo, come quello in corso stamani, a Firenze, al quale sta partecipando il presidente della Regione Eugenio Giani, a cui con l\u2019approvazione della nostra mozione vogliamo dare un elemento di supporto all\u2019azione che sta portando avanti. E\u2019 fuor di dubbio \u00a0&#8211; conclude <strong>Pieroni<\/strong> &#8211; che la posizione del Partito democratico, sia\u00a0 livello nazionale che locale, indica la necessit\u00e0 di trovare una strada diversa per la realizzazione della cittadella che andrebbe a interessare un\u2019area del parco pari a 73 ettari. Uno scenario che non rappresenterebbe un buon servizio n\u00e9 per il territorio, n\u00e9 per le comunit\u00e0 che vi abitano, n\u00e9 per la stessa arma dei carabinieri\u00bb.<\/p>\n","protected":false},"excerpt":{"rendered":"<p>Ceccarelli: \u00abIntervento pesante e incompatibile con il Parco. La Regione continui sulla strada del confronto con il Governo e con l\u2019Arma\u00bb Pieroni: \u00abPosizione sgombra da pregiudizi, ma serve soluzione alternativa a tutela del territorio\u00bb Il Consiglio regionale ha approvato una mozione proposta dal gruppo PD, primo firmatario il capogruppo Vincenzo Ceccarelli, che ha l\u2019obiettivo di [&hellip;]<\/p>\n","protected":false},"author":1,"featured_media":21059,"comment_status":"closed","ping_status":"closed","sticky":false,"template":"","format":"standard","meta":{"_jetpack_memberships_contains_paid_content":false,"footnotes":""},"categories":[970,30,2222],"tags":[],"class_list":{"0":"post-21058","1":"post","2":"type-post","3":"status-publish","4":"format-standard","5":"has-post-thumbnail","7":"category-andrea-pieroni","8":"category-comunicati-stampa","9":"category-vincenzo-ceccarelli","10":"czr-hentry"},"jetpack_featured_media_url":"https:\/\/www.gruppopdregionetoscana.it\/web\/wp-content\/uploads\/2022\/05\/san-rossore.jpg","jetpack_sharing_enabled":true,"_links":{"self":[{"href":"https:\/\/www.gruppopdregionetoscana.it\/web\/wp-json\/wp\/v2\/posts\/21058","targetHints":{"allow":["GET"]}}],"collection":[{"href":"https:\/\/www.gruppopdregionetoscana.it\/web\/wp-json\/wp\/v2\/posts"}],"about":[{"href":"https:\/\/www.gruppopdregionetoscana.it\/web\/wp-json\/wp\/v2\/types\/post"}],"author":[{"embeddable":true,"href":"https:\/\/www.gruppopdregionetoscana.it\/web\/wp-json\/wp\/v2\/users\/1"}],"replies":[{"embeddable":true,"href":"https:\/\/www.gruppopdregionetoscana.it\/web\/wp-json\/wp\/v2\/comments?post=21058"}],"version-history":[{"count":0,"href":"https:\/\/www.gruppopdregionetoscana.it\/web\/wp-json\/wp\/v2\/posts\/21058\/revisions"}],"wp:featuredmedia":[{"embeddable":true,"href":"https:\/\/www.gruppopdregionetoscana.it\/web\/wp-json\/wp\/v2\/media\/21059"}],"wp:attachment":[{"href":"https:\/\/www.gruppopdregionetoscana.it\/web\/wp-json\/wp\/v2\/media?parent=21058"}],"wp:term":[{"taxonomy":"category","embeddable":true,"href":"https:\/\/www.gruppopdregionetoscana.it\/web\/wp-json\/wp\/v2\/categories?post=21058"},{"taxonomy":"post_tag","embeddable":true,"href":"https:\/\/www.gruppopdregionetoscana.it\/web\/wp-json\/wp\/v2\/tags?post=21058"}],"curies":[{"name":"wp","href":"https:\/\/api.w.org\/{rel}","templated":true}]}}