{"id":21083,"date":"2022-05-13T15:37:00","date_gmt":"2022-05-13T13:37:00","guid":{"rendered":"https:\/\/www.gruppopdregionetoscana.it\/web\/?p=21083"},"modified":"2022-05-24T15:44:19","modified_gmt":"2022-05-24T13:44:19","slug":"la-toscana-che-vogliamo-al-via-il-percorso-partecipativo-del-pd-in-regione-sul-nuovo-programma-regionale-di-sviluppo","status":"publish","type":"post","link":"https:\/\/www.gruppopdregionetoscana.it\/web\/la-toscana-che-vogliamo-al-via-il-percorso-partecipativo-del-pd-in-regione-sul-nuovo-programma-regionale-di-sviluppo\/","title":{"rendered":"\u201cLa Toscana che vogliamo\u201d, Al via il percorso partecipativo del Pd in Regione sul nuovo Programma regionale di sviluppo"},"content":{"rendered":"\n<p><strong>\u00a0<\/strong><\/p>\n<p><strong>Il tour parte oggi da Grosseto, si concluder\u00e0 a Firenze e toccher\u00e0 tutte le principali citt\u00e0 della Toscana<\/strong><\/p>\n<p><strong>Ceccarelli e Anselmi: \u201cCoinvolgere i territori per cogliere le opportunit\u00e0 di questa fase. Pi\u00f9 risorse per il rilancio dell\u2019economia toscana\u201d<\/strong><\/p>\n<p>In vista dell\u2019approvazione del nuovo Programma regionale di sviluppo 202 il gruppo consiliare Pd in Consiglio regionale ha promosso un percorso partecipativo dal titolo \u201cLa Toscana che vogliamo\u201d per confrontarsi sulla definizione di questo importante atto di programmazione.<\/p>\n<p>Il tour, che vedr\u00e0 la partecipazione di amministratori locali, rappresentanti delle associazioni di categoria e sindacali, si apre oggi a Grosseto e toccher\u00e0 tutti i principali centri delle 10 province della Toscana per concludersi con un evento pubblico a Firenze, nei primi giorni di luglio.<\/p>\n<p><img loading=\"lazy\" decoding=\"async\" class=\"alignleft  wp-image-19706\" src=\"https:\/\/www.gruppopdregionetoscana.it\/web\/wp-content\/uploads\/2020\/11\/vincenzo-ceccarelli.jpg\" alt=\"\" width=\"329\" height=\"219\" \/>\u00abIl lavoro preparatorio per la definizione del nuovo Programma regionale di sviluppo \u2013 spiega il capogruppo <strong>Vincenzo Ceccarelli <\/strong>\u2013 deve portarci a cogliere a pieno le opportunit\u00e0 di questa fase storica che, a differenza del passato dove prevaleva il contenimento della spesa, ci consegna l\u2019opportunit\u00e0 di accedere a risorse molto importanti, con particolare riferimento ai fondi europei. Il tutto all\u2019interno di un disegno di rilancio e di transizione verso un\u2019economia sempre pi\u00f9 sostenibile dal punto di vista ambientale e sociale, favorendo la coesione sociale, la digitalizzazione e la competitivit\u00e0 del sistema produttivo\u201d.<\/p>\n<p>Per far questo \u2013 conclude Ceccarelli \u2013 crediamo sia fondamentale l\u2019ascolto e una piena partecipazione delle realt\u00e0 territoriali ed \u00e8 per questi motivi che abbiamo pensato a un coinvolgimento diretto di tutte le province della Toscana, con eventi che ci consentiranno di esporre le nostre idee e, soprattutto, di ascoltare proposte, critiche e suggerimenti\u00bb.<\/p>\n<p><img loading=\"lazy\" decoding=\"async\" class=\"alignleft  wp-image-13443\" src=\"https:\/\/www.gruppopdregionetoscana.it\/web\/wp-content\/uploads\/2016\/07\/Gianni1-300x215.jpg\" alt=\"\" width=\"328\" height=\"235\" srcset=\"https:\/\/www.gruppopdregionetoscana.it\/web\/wp-content\/uploads\/2016\/07\/Gianni1-300x215.jpg 300w, https:\/\/www.gruppopdregionetoscana.it\/web\/wp-content\/uploads\/2016\/07\/Gianni1-1024x733.jpg 1024w, https:\/\/www.gruppopdregionetoscana.it\/web\/wp-content\/uploads\/2016\/07\/Gianni1.jpg 1500w\" sizes=\"auto, (max-width: 328px) 100vw, 328px\" \/>\u00abLa definizione del nuovo Piano regionale di sviluppo (PRS 2022) \u00e8 un\u2019occasione importante per costruire una Toscana pi\u00f9 coesa,\u00a0 in grado di superare i divari che ancora persistono tra le diverse aree di sviluppo della nostra regione \u2013 dichiara <strong>Gianni Anselmi<\/strong>, consigliere regionale Pd e coordinatore del percorso partecipativo &#8211; Abbiamo scelto di far partecipare i rappresentanti, gli stakeholders e i cittadinidei territori ad un percorso di ascolto e di confronto che riteniamo significativo. Raccoglieremo bisogni, analisi e proposte degli attori sociali ed economici, in una chiave che coniughi la ripresa e la transizione giusta ed ecosostenibile. Lo faremo all\u2019interno di uno scenario rinnovato perch\u00e9 questa volta, grazie al Piano nazionale di ripresa e resilienza, arriveranno dall\u2019Unione Europea risorse importanti che rappresentano una grande occasione di rilancio, di sviluppo, di modernizzazione; dalla sanit\u00e0, alle imprese, alla Pubblica Amministrazione. Un\u2019opportunit\u00e0 che auspico possa essere colta nel miglior modo possibile e per la quale lavoriamo costantemente\u00bb.<\/p>\n<p>Clicca qui sotto\u00a0per scaricare la nostra risoluzione:<\/p>\n<p><img loading=\"lazy\" decoding=\"async\" class=\"alignleft  wp-image-13621\" src=\"https:\/\/www.gruppopdregionetoscana.it\/web\/wp-content\/uploads\/2016\/07\/icona-download-pdf.png\" alt=\"\" width=\"66\" height=\"66\" srcset=\"https:\/\/www.gruppopdregionetoscana.it\/web\/wp-content\/uploads\/2016\/07\/icona-download-pdf.png 200w, https:\/\/www.gruppopdregionetoscana.it\/web\/wp-content\/uploads\/2016\/07\/icona-download-pdf-151x150.png 151w\" sizes=\"auto, (max-width: 66px) 100vw, 66px\" \/><\/p>\n<p>\u00a0<\/p>\n<p>\u00a0<\/p>\n<p>\u00a0<\/p>\n<p><a href=\"https:\/\/www.gruppopdregionetoscana.it\/web\/wp-content\/uploads\/2022\/05\/Risoluzione-PRS-2021-2025.pdf\">Risoluzione PRS 2021 2025<\/a><\/p>\n<p>\u00a0<\/p>\n","protected":false},"excerpt":{"rendered":"<p>\u00a0 Il tour parte oggi da Grosseto, si concluder\u00e0 a Firenze e toccher\u00e0 tutte le principali citt\u00e0 della Toscana Ceccarelli e Anselmi: \u201cCoinvolgere i territori per cogliere le opportunit\u00e0 di questa fase. Pi\u00f9 risorse per il rilancio dell\u2019economia toscana\u201d In vista dell\u2019approvazione del nuovo Programma regionale di sviluppo 202 il gruppo consiliare Pd in Consiglio [&hellip;]<\/p>\n","protected":false},"author":1,"featured_media":21084,"comment_status":"closed","ping_status":"closed","sticky":false,"template":"","format":"standard","meta":{"_jetpack_memberships_contains_paid_content":false,"footnotes":""},"categories":[30,957,2222],"tags":[],"class_list":{"0":"post-21083","1":"post","2":"type-post","3":"status-publish","4":"format-standard","5":"has-post-thumbnail","7":"category-comunicati-stampa","8":"category-gianni-anselmi","9":"category-vincenzo-ceccarelli","10":"czr-hentry"},"jetpack_featured_media_url":"https:\/\/www.gruppopdregionetoscana.it\/web\/wp-content\/uploads\/2022\/05\/laToscanachevogliamo.png","jetpack_sharing_enabled":true,"_links":{"self":[{"href":"https:\/\/www.gruppopdregionetoscana.it\/web\/wp-json\/wp\/v2\/posts\/21083","targetHints":{"allow":["GET"]}}],"collection":[{"href":"https:\/\/www.gruppopdregionetoscana.it\/web\/wp-json\/wp\/v2\/posts"}],"about":[{"href":"https:\/\/www.gruppopdregionetoscana.it\/web\/wp-json\/wp\/v2\/types\/post"}],"author":[{"embeddable":true,"href":"https:\/\/www.gruppopdregionetoscana.it\/web\/wp-json\/wp\/v2\/users\/1"}],"replies":[{"embeddable":true,"href":"https:\/\/www.gruppopdregionetoscana.it\/web\/wp-json\/wp\/v2\/comments?post=21083"}],"version-history":[{"count":0,"href":"https:\/\/www.gruppopdregionetoscana.it\/web\/wp-json\/wp\/v2\/posts\/21083\/revisions"}],"wp:featuredmedia":[{"embeddable":true,"href":"https:\/\/www.gruppopdregionetoscana.it\/web\/wp-json\/wp\/v2\/media\/21084"}],"wp:attachment":[{"href":"https:\/\/www.gruppopdregionetoscana.it\/web\/wp-json\/wp\/v2\/media?parent=21083"}],"wp:term":[{"taxonomy":"category","embeddable":true,"href":"https:\/\/www.gruppopdregionetoscana.it\/web\/wp-json\/wp\/v2\/categories?post=21083"},{"taxonomy":"post_tag","embeddable":true,"href":"https:\/\/www.gruppopdregionetoscana.it\/web\/wp-json\/wp\/v2\/tags?post=21083"}],"curies":[{"name":"wp","href":"https:\/\/api.w.org\/{rel}","templated":true}]}}