{"id":21195,"date":"2022-09-27T17:28:26","date_gmt":"2022-09-27T15:28:26","guid":{"rendered":"https:\/\/www.gruppopdregionetoscana.it\/web\/?p=21195"},"modified":"2022-09-27T17:28:29","modified_gmt":"2022-09-27T15:28:29","slug":"ferrovie-vannucci-pd-basta-depotenziamenti-sul-comparto-ferroviario-risorse-umane-e-comparto-da-salvaguardare-e-valorizzare","status":"publish","type":"post","link":"https:\/\/www.gruppopdregionetoscana.it\/web\/ferrovie-vannucci-pd-basta-depotenziamenti-sul-comparto-ferroviario-risorse-umane-e-comparto-da-salvaguardare-e-valorizzare\/","title":{"rendered":"Ferrovie, Vannucci (Pd): \u201cBasta depotenziamenti sul comparto ferroviario, risorse umane e comparto da salvaguardare e valorizzare\u201d"},"content":{"rendered":"\n<p><img loading=\"lazy\" decoding=\"async\" class=\"alignleft  wp-image-19873\" src=\"https:\/\/www.gruppopdregionetoscana.it\/web\/wp-content\/uploads\/2021\/01\/vannucci.png\" alt=\"\" width=\"196\" height=\"196\" \/>\u201cAttivarsi nei confronti del Gruppo Ferrovie dello Stato Italiane e della controllata Trenitalia affinch\u00e9 in Toscana vengano salvaguardati i livelli occupazionali, la presenza e la piena funzionalit\u00e0 di tutte le attivit\u00e0 afferenti a detto ambito ferroviario e venga, altres\u00ec, garantita\u00a0 un\u2019 adeguata\u00a0 presenza di personale di macchina e di bordo (capitreni) rispetto al traffico della Alta Velocit\u00e0 e quello di media e lunga percorrenza che attraversa la regione\u201d. E quanto chiede con una mozione approvata oggi dall\u2019aula di Palazzo del Pegaso il consigliere del Partito Democratico <strong>Andrea Vannucci.<\/strong><\/p>\n<p>\u201cParliamo di un comparto strategico e centrale per la regione \u2013 ha spiegato Vannucci intervenendo in aula \u2013 soprattutto se pensiamo a tutta la parte che gravita intorno all\u2019Osmannoro. Ma \u00a0non \u00e8 solo quello, riguarda anche tutto il comparto ferroviario di Trenitalia che lentamente in questi anni ha visto scivolare le priorit\u00e0 altrove e non in Toscana. Questo \u00e8 un tema molto delicato sappiamo bene quanto lo sviluppo ferroviario sia una priorit\u00e0 per il governo regionale e quanto si deve associare anche una conseguente politica di valorizzazione e di assunzione del personale per quanto riguarda la citt\u00e0 di Firenze e tutto il territorio regionale toscano. Il depotenziamento di alcune attivit\u00e0 e lavorazioni in ambito ferroviario presenti sul nostro territorio comporta infatti la perdita\u00a0 di professionalit\u00e0 e di un patrimonio di competenze che si sono sviluppate nel corso degli anni coinvolgendo centinaia fra lavoratori, ingegneri, diplomati, esperti di manutenzione e di ingegneria ferroviaria\u201d.<\/p>\n<p>\u201cQuesta mozione \u2013 conclude Vannucci &#8211; vuole essere una dura e netta presa di posizione del consiglio regionale rispetto a un comparto strategico che ha bisogno di un investimento altrettanto importante per quanto riguarda le scelte sulle risorse umane\u201d.<\/p>\n","protected":false},"excerpt":{"rendered":"<p>\u201cAttivarsi nei confronti del Gruppo Ferrovie dello Stato Italiane e della controllata Trenitalia affinch\u00e9 in Toscana vengano salvaguardati i livelli occupazionali, la presenza e la piena funzionalit\u00e0 di tutte le attivit\u00e0 afferenti a detto ambito ferroviario e venga, altres\u00ec, garantita\u00a0 un\u2019 adeguata\u00a0 presenza di personale di macchina e di bordo (capitreni) rispetto al traffico della [&hellip;]<\/p>\n","protected":false},"author":1,"featured_media":21199,"comment_status":"closed","ping_status":"closed","sticky":false,"template":"","format":"standard","meta":{"_jetpack_memberships_contains_paid_content":false,"footnotes":""},"categories":[2239,30,124],"tags":[2278,80,2280,2279,36,464,171],"class_list":{"0":"post-21195","1":"post","2":"type-post","3":"status-publish","4":"format-standard","5":"has-post-thumbnail","7":"category-andrea-vannucci","8":"category-comunicati-stampa","9":"category-propmozioni","10":"tag-capotreno","11":"tag-ferrovie","12":"tag-gruppo-fs","13":"tag-personale-ferroviario","14":"tag-toscana","15":"tag-treni","16":"tag-trenitalia","17":"czr-hentry"},"jetpack_featured_media_url":"https:\/\/www.gruppopdregionetoscana.it\/web\/wp-content\/uploads\/2022\/09\/copertina-wordpress-2000-\u00d7-1000-px-1.png","jetpack_sharing_enabled":true,"_links":{"self":[{"href":"https:\/\/www.gruppopdregionetoscana.it\/web\/wp-json\/wp\/v2\/posts\/21195","targetHints":{"allow":["GET"]}}],"collection":[{"href":"https:\/\/www.gruppopdregionetoscana.it\/web\/wp-json\/wp\/v2\/posts"}],"about":[{"href":"https:\/\/www.gruppopdregionetoscana.it\/web\/wp-json\/wp\/v2\/types\/post"}],"author":[{"embeddable":true,"href":"https:\/\/www.gruppopdregionetoscana.it\/web\/wp-json\/wp\/v2\/users\/1"}],"replies":[{"embeddable":true,"href":"https:\/\/www.gruppopdregionetoscana.it\/web\/wp-json\/wp\/v2\/comments?post=21195"}],"version-history":[{"count":0,"href":"https:\/\/www.gruppopdregionetoscana.it\/web\/wp-json\/wp\/v2\/posts\/21195\/revisions"}],"wp:featuredmedia":[{"embeddable":true,"href":"https:\/\/www.gruppopdregionetoscana.it\/web\/wp-json\/wp\/v2\/media\/21199"}],"wp:attachment":[{"href":"https:\/\/www.gruppopdregionetoscana.it\/web\/wp-json\/wp\/v2\/media?parent=21195"}],"wp:term":[{"taxonomy":"category","embeddable":true,"href":"https:\/\/www.gruppopdregionetoscana.it\/web\/wp-json\/wp\/v2\/categories?post=21195"},{"taxonomy":"post_tag","embeddable":true,"href":"https:\/\/www.gruppopdregionetoscana.it\/web\/wp-json\/wp\/v2\/tags?post=21195"}],"curies":[{"name":"wp","href":"https:\/\/api.w.org\/{rel}","templated":true}]}}