{"id":21207,"date":"2022-10-04T15:43:00","date_gmt":"2022-10-04T13:43:00","guid":{"rendered":"https:\/\/www.gruppopdregionetoscana.it\/web\/?p=21207"},"modified":"2022-10-05T16:40:56","modified_gmt":"2022-10-05T14:40:56","slug":"antifascismo-nello-statuto-della-regione-bugliani-rafforziamo-impegno-verso-le-nuove-generazioni-per-un-futuro-di-democrazia-e-liberta","status":"publish","type":"post","link":"https:\/\/www.gruppopdregionetoscana.it\/web\/antifascismo-nello-statuto-della-regione-bugliani-rafforziamo-impegno-verso-le-nuove-generazioni-per-un-futuro-di-democrazia-e-liberta\/","title":{"rendered":"Antifascismo nello Statuto della Regione, Bugliani: \u00abRafforziamo impegno verso le nuove generazioni, per un futuro di democrazia e libert\u00e0\u00bb"},"content":{"rendered":"\n<p style=\"font-weight: 400;\"><em><img loading=\"lazy\" decoding=\"async\" class=\" wp-image-21091 alignleft\" src=\"https:\/\/www.gruppopdregionetoscana.it\/web\/wp-content\/uploads\/2022\/06\/Consiglio_Regionale_Toscana_31_05_2022_23-300x202.jpeg\" alt=\"\" width=\"233\" height=\"157\" srcset=\"https:\/\/www.gruppopdregionetoscana.it\/web\/wp-content\/uploads\/2022\/06\/Consiglio_Regionale_Toscana_31_05_2022_23-300x202.jpeg 300w, https:\/\/www.gruppopdregionetoscana.it\/web\/wp-content\/uploads\/2022\/06\/Consiglio_Regionale_Toscana_31_05_2022_23-1024x689.jpeg 1024w, https:\/\/www.gruppopdregionetoscana.it\/web\/wp-content\/uploads\/2022\/06\/Consiglio_Regionale_Toscana_31_05_2022_23.jpeg 1501w\" sizes=\"auto, (max-width: 233px) 100vw, 233px\" \/>L\u2019Assemblea toscana ha approvato all\u2019unanimit\u00e0 e in via definitiva la legge statutaria che richiama al principio dell\u2019antifascismo come valore fondante dell\u2019azione regionale<\/em><\/p>\n<p style=\"font-weight: 400;\">\u00abOggi andiamo a rafforzare l\u2019azione della Regione Toscana nella promozione e nella tutela di principi e valori su cui si fondano le istituzioni democratiche e la convivenza civile. L\u2019antifascismo come principio ispiratore fondante del nostro sistema istituzionale, come patrimonio comune e presidio dei valori di democrazia, libert\u00e0 e convivenza civile, posto a tutela delle salvaguardia dei diritti individuali e collettivi. Questa legge rappresenta un impegno che ci prendiamo in particolar modo con le nuove generazioni, \u00e8 su di loro che le istituzioni devono guardare con massimo impegno e responsabilit\u00e0, per un futuro di democrazia e libert\u00e0. Perch\u00e9 non si sottovalutino, mai, le conseguenze di ogni forma di discriminazione e intolleranza, di recrudescenze delle ideologie nazifasciste ed estremismi. L\u2019iter di questa legge statutaria, iniziato a maggio scorso nella Commissione Affari Istituzionali che presiedo, ha visto fin dall\u2019inizio un lavoro proficuo della Giunta e del gruppo consiliare del partito democratico, affinch\u00e9 si arrivasse, in tempi certi, all\u2019approvazione definitiva di questa normativa che consolida il ruolo delle istituzioni regionali nel difendere e praticare la memoria della Resistenza e dell\u2019antifascismo\u00bb. \u00c8 quanto dichiara\u00a0<strong>Giacomo Bugliani<\/strong>, consigliere regionale Pd e presidente della Commissione affari istituzionali a seguito dell\u2019approvazione della legge\u00a0<em>Modifiche allo Statuto in tema di richiamo al principio dell\u2019antifascismo come valore fondante dell\u2019azione regionale.<\/em><\/p>\n<p style=\"font-weight: 400;\"><em>\u00a0<\/em><\/p>\n","protected":false},"excerpt":{"rendered":"<p>L\u2019Assemblea toscana ha approvato all\u2019unanimit\u00e0 e in via definitiva la legge statutaria che richiama al principio dell\u2019antifascismo come valore fondante dell\u2019azione regionale \u00abOggi andiamo a rafforzare l\u2019azione della Regione Toscana nella promozione e nella tutela di principi e valori su cui si fondano le istituzioni democratiche e la convivenza civile. L\u2019antifascismo come principio ispiratore fondante [&hellip;]<\/p>\n","protected":false},"author":41,"featured_media":21212,"comment_status":"closed","ping_status":"closed","sticky":false,"template":"","format":"standard","meta":{"_jetpack_memberships_contains_paid_content":false,"footnotes":""},"categories":[30,961],"tags":[],"class_list":{"0":"post-21207","1":"post","2":"type-post","3":"status-publish","4":"format-standard","5":"has-post-thumbnail","7":"category-comunicati-stampa","8":"category-giacomo-bugliani","9":"czr-hentry"},"jetpack_featured_media_url":"https:\/\/www.gruppopdregionetoscana.it\/web\/wp-content\/uploads\/2022\/10\/gonfalone.jpg","jetpack_sharing_enabled":true,"_links":{"self":[{"href":"https:\/\/www.gruppopdregionetoscana.it\/web\/wp-json\/wp\/v2\/posts\/21207","targetHints":{"allow":["GET"]}}],"collection":[{"href":"https:\/\/www.gruppopdregionetoscana.it\/web\/wp-json\/wp\/v2\/posts"}],"about":[{"href":"https:\/\/www.gruppopdregionetoscana.it\/web\/wp-json\/wp\/v2\/types\/post"}],"author":[{"embeddable":true,"href":"https:\/\/www.gruppopdregionetoscana.it\/web\/wp-json\/wp\/v2\/users\/41"}],"replies":[{"embeddable":true,"href":"https:\/\/www.gruppopdregionetoscana.it\/web\/wp-json\/wp\/v2\/comments?post=21207"}],"version-history":[{"count":0,"href":"https:\/\/www.gruppopdregionetoscana.it\/web\/wp-json\/wp\/v2\/posts\/21207\/revisions"}],"wp:featuredmedia":[{"embeddable":true,"href":"https:\/\/www.gruppopdregionetoscana.it\/web\/wp-json\/wp\/v2\/media\/21212"}],"wp:attachment":[{"href":"https:\/\/www.gruppopdregionetoscana.it\/web\/wp-json\/wp\/v2\/media?parent=21207"}],"wp:term":[{"taxonomy":"category","embeddable":true,"href":"https:\/\/www.gruppopdregionetoscana.it\/web\/wp-json\/wp\/v2\/categories?post=21207"},{"taxonomy":"post_tag","embeddable":true,"href":"https:\/\/www.gruppopdregionetoscana.it\/web\/wp-json\/wp\/v2\/tags?post=21207"}],"curies":[{"name":"wp","href":"https:\/\/api.w.org\/{rel}","templated":true}]}}