{"id":21290,"date":"2022-11-15T10:56:22","date_gmt":"2022-11-15T09:56:22","guid":{"rendered":"https:\/\/www.gruppopdregionetoscana.it\/web\/?p=21290"},"modified":"2022-11-15T10:56:25","modified_gmt":"2022-11-15T09:56:25","slug":"il-nuovo-governo-taglia-le-risorse-per-la-sanita-ceccarelli-scelta-miope-che-va-contro-le-famiglie-la-tutela-della-salute-e-la-tenuta-del-sistema-sanitario-pubblico","status":"publish","type":"post","link":"https:\/\/www.gruppopdregionetoscana.it\/web\/il-nuovo-governo-taglia-le-risorse-per-la-sanita-ceccarelli-scelta-miope-che-va-contro-le-famiglie-la-tutela-della-salute-e-la-tenuta-del-sistema-sanitario-pubblico\/","title":{"rendered":"Il nuovo governo taglia le risorse per la sanit\u00e0. Ceccarelli: &#8220;Scelta miope che va contro le famiglie, la tutela della salute e la tenuta del sistema sanitario pubblico&#8221;"},"content":{"rendered":"\n<p>Il nuovo Governo taglia le risorse per sanit\u00e0. Questo \u00e8 quanto emerge dalla nota di aggiornamento del documento di economia e finanza. Dopo anni caratterizzati da tagli alla spesa sanitaria, negli anni 2020-2022, anche in conseguenza delle misure adottate per contrastare la crisi pandemica, il Fondo Sanitario Nazionale \u00e8 cresciuto di 11,2 miliardi di euro, rispetto all&#8217;incremento di appena 8,2 miliardi di euro registrato nell\u2019arco del periodo 2010-2019, ora il Governo sceglie di avviare un percorso di riduzione della spesa, nonostante a livello europeo l&#8217;Italia sia ancora oggi tra le nazioni che investono di meno, in rapporto alla popolazione. E\u2019 quanto emerge dalla mozione presentata dal Gruppo del Pd In Consiglio Regionale, con proponente il capogruppo Vincenzo Ceccarelli in accordo con Enrico Sostegni Presidente della Commissione sanit\u00e0.<\/p>\n<p><img loading=\"lazy\" decoding=\"async\" class=\"alignleft  wp-image-19994\" src=\"https:\/\/www.gruppopdregionetoscana.it\/web\/wp-content\/uploads\/2021\/02\/cecca-schermata.jpg\" alt=\"\" width=\"329\" height=\"200\" \/>\u201cLa pandemia \u2013 spiega Ceccarelli &#8211; aveva posto fine alla stagione dei tagli alla sanit\u00e0 e dimostrato quanto il servizio pubblico fosse di primaria importanza. A fronte della modifica delle previsioni circa l\u2019andamento dell\u2019economia nazionale non corrisponde un\u2019analoga variazione della spesa sanitaria in rapporto al PIL e l\u2019aumento dei costi dell\u2019energia sta gi\u00e0 gravando sulle spese sanitarie dei bilanci delle Regioni e generando come diretta conseguenza, l\u2019impossibilit\u00e0 di erogare le prestazioni necessarie e la crescita della spesa sanitaria privata sostenuta dalle famiglie che \u00e8 aumentata in media di circa il 2,5%. Le previsioni del governo di taglio alla sanit\u00e0 \u2013 prosegue il Capogruppo Pd &#8211; va contro le famiglie, la tutela della salute e la tenuta del sistema sanitario pubblico. Per questo ho proposto in Consiglio regionale una mozione con la quale si chiede alla Giunta di ad attivarsi in sede nazionale, anche in Conferenza delle Regioni, affinch\u00e8 sia previsto gi\u00e0 dalla prossima manovra di bilancio dello Stato l\u2019aumento progressivo del Fondo Sanitario Nazionale avviato negli ultimi anni, attestando la spesa sanitaria stabilmente al di sopra del 7% in rapporto al PIL. Solo cos\u00ec sar\u00e0 possibile per sostenere un Sistema Sanitario Nazionale pubblico, di qualit\u00e0 e aperto a tutti\u201d. La mozione richiama anche alla risoluzione\u00a0 n. 184 approvata il 15 giugno 2022 (Indirizzi in merito ai principali obiettivi delle politiche per la salute della Toscana, a seguito della consultazione pubblica degli Stati generali della Salute) nella quale, al primo punto del dispositivo, si chiedeva al Governo di \u201cconfermare un incremento progressivo del Fondo Sanitario Nazionale e garantite adeguate risorse umane ed economiche come condizioni necessarie anche per raccogliere le sfide di una nuova sanit\u00e0 territoriale, secondo il modello delineato dal PNRR.<\/p>\n<p>\u201cPer garantire il servizio sanitario pubblico &#8211; conclude Ceccarelli &#8211; servono risorse e personale, il governo con questa misura si dimostra lontano dai bisogni primari delle persone. Noi difendiamo il modello di sanit\u00e0 pubblica e universale. Non solo per chi se la pu\u00f2 permettere o sulla pelle dei turni massacranti del personale sanitario che ha sopperito con la propria professionalit\u00e0 la carenza del turn over. Questa scelta miope deve essere rivista. Come quella di escludere le associazioni di volontariato che\u00a0si occupano dei servizi di trasporto di emergenza per conto del Servizio sanitario nazionale, dalle misure previste dal decreto Aiuti-Ter a sostegno delle conseguenze del caro carburante, che ho denunciato alcuni giorni fa&#8221;.<\/p>\n","protected":false},"excerpt":{"rendered":"<p>Il nuovo Governo taglia le risorse per sanit\u00e0. Questo \u00e8 quanto emerge dalla nota di aggiornamento del documento di economia e finanza. Dopo anni caratterizzati da tagli alla spesa sanitaria, negli anni 2020-2022, anche in conseguenza delle misure adottate per contrastare la crisi pandemica, il Fondo Sanitario Nazionale \u00e8 cresciuto di 11,2 miliardi di euro, [&hellip;]<\/p>\n","protected":false},"author":1,"featured_media":13702,"comment_status":"closed","ping_status":"closed","sticky":false,"template":"","format":"standard","meta":{"_jetpack_memberships_contains_paid_content":false,"footnotes":""},"categories":[30,2222],"tags":[101],"class_list":{"0":"post-21290","1":"post","2":"type-post","3":"status-publish","4":"format-standard","5":"has-post-thumbnail","7":"category-comunicati-stampa","8":"category-vincenzo-ceccarelli","9":"tag-sanita","10":"czr-hentry"},"jetpack_featured_media_url":"https:\/\/www.gruppopdregionetoscana.it\/web\/wp-content\/uploads\/2016\/07\/sanit\u00e02-1.jpg","jetpack_sharing_enabled":true,"_links":{"self":[{"href":"https:\/\/www.gruppopdregionetoscana.it\/web\/wp-json\/wp\/v2\/posts\/21290","targetHints":{"allow":["GET"]}}],"collection":[{"href":"https:\/\/www.gruppopdregionetoscana.it\/web\/wp-json\/wp\/v2\/posts"}],"about":[{"href":"https:\/\/www.gruppopdregionetoscana.it\/web\/wp-json\/wp\/v2\/types\/post"}],"author":[{"embeddable":true,"href":"https:\/\/www.gruppopdregionetoscana.it\/web\/wp-json\/wp\/v2\/users\/1"}],"replies":[{"embeddable":true,"href":"https:\/\/www.gruppopdregionetoscana.it\/web\/wp-json\/wp\/v2\/comments?post=21290"}],"version-history":[{"count":0,"href":"https:\/\/www.gruppopdregionetoscana.it\/web\/wp-json\/wp\/v2\/posts\/21290\/revisions"}],"wp:featuredmedia":[{"embeddable":true,"href":"https:\/\/www.gruppopdregionetoscana.it\/web\/wp-json\/wp\/v2\/media\/13702"}],"wp:attachment":[{"href":"https:\/\/www.gruppopdregionetoscana.it\/web\/wp-json\/wp\/v2\/media?parent=21290"}],"wp:term":[{"taxonomy":"category","embeddable":true,"href":"https:\/\/www.gruppopdregionetoscana.it\/web\/wp-json\/wp\/v2\/categories?post=21290"},{"taxonomy":"post_tag","embeddable":true,"href":"https:\/\/www.gruppopdregionetoscana.it\/web\/wp-json\/wp\/v2\/tags?post=21290"}],"curies":[{"name":"wp","href":"https:\/\/api.w.org\/{rel}","templated":true}]}}