{"id":21301,"date":"2022-11-18T12:38:16","date_gmt":"2022-11-18T11:38:16","guid":{"rendered":"https:\/\/www.gruppopdregionetoscana.it\/web\/?p=21301"},"modified":"2022-11-18T12:38:18","modified_gmt":"2022-11-18T11:38:18","slug":"volterra-teatro-in-carcere-mozione-di-pieroni-regione-assicuri-anche-per-i-prossimi-anni-sostegno-alla-compagnia-della-fortezza-unesperienza-culturale-e-sociale-importante","status":"publish","type":"post","link":"https:\/\/www.gruppopdregionetoscana.it\/web\/volterra-teatro-in-carcere-mozione-di-pieroni-regione-assicuri-anche-per-i-prossimi-anni-sostegno-alla-compagnia-della-fortezza-unesperienza-culturale-e-sociale-importante\/","title":{"rendered":"Volterra, teatro in carcere; mozione di Pieroni: \u201cRegione assicuri anche per i prossimi anni sostegno alla Compagnia della Fortezza, un\u2019esperienza culturale e sociale importante\u201d"},"content":{"rendered":"\n\n\n<div><span style=\"font-family: Calibri,sans-serif; font-size: medium;\"><i>I<img loading=\"lazy\" decoding=\"async\" class=\"wp-image-19885 alignleft\" src=\"https:\/\/www.gruppopdregionetoscana.it\/web\/wp-content\/uploads\/2021\/01\/pieroni2.png\" alt=\"\" width=\"193\" height=\"193\" \/>l consigliere regionale Pd, Andrea Pieroni, presenta una mozione a sostegno dell\u2019Associazione Culturale Carte Blanche di Volterra; affinch\u00e9 il contributo della Regione Toscana prosegua anche nei prossimi anni<\/i><\/span><\/div>\n<div><span style=\"font-family: Calibri,sans-serif; font-size: medium;\">\u00a0<\/span><\/div>\n<div align=\"justify\"><span style=\"font-family: Calibri,sans-serif; font-size: medium;\">&#8220;L\u2019esperienza teatrale del carcere di Volterra rappresenta, fin dagli anni \u201980, una realt\u00e0 di grande valore culturale e sociale; per la qualit\u00e0 artistica della produzione teatrale, realizzata dalla Compagnia della Fortezza, e per la continuit\u00e0 di tale esperienza, oltrech\u00e9 per opportunit\u00e0 di crescita umana che offre ai detenuti. La Regione Toscana, nel corso degli anni, \u00e8 stato il pi\u00f9 importante riferimento istituzionale per la Compagnia della Fortezza: da sempre ha condiviso e sostenuto l\u2019esperienza del teatro in carcere. Al fine di consentire un\u2019adeguata programmazione, la legge regionale n.79\/2019 prevedeva un contributo straordinario all\u2019Associazione Culturale Carte Blanche di Volterra di 250mila euro per \u00a0il triennio 2020\/2022. Le risorse sono servite a sostenere la ricerca e l\u2019innovazione dei contenuti artistico-culturali nel settore dello spettacolo dal vivo e a realizzare un laboratorio triennale nella Casa di Reclusione di Volterra, con l\u2019obiettivo di incrementare la socializzazione e la partecipazione della popolazione detenuta. Per questo, con apposita mozione, chiedo alla Giunta regionale\u00a0di attivarsi affinch\u00e9 venga confermato il sostegno anche per le prossime annualit\u00e0. Si tratta di risorse necessarie ad assicurare la progettazione e la realizzazione di laboratori teatrali all\u2019interno della Casa di Reclusione di Volterra. Chiedo, inoltre, al governo regionale un\u2019attenzione specifica all\u2019esperienza del teatro in carcere, anche alla luce dell\u2019avvio del percorso per la realizzazione di una struttura teatrale all\u2019interno della Casa di Reclusione di Volterra. L&#8217;\u00a0esperienza della Compagnia della Fortezza \u00e8\u00a0un modello per la sua funzione educativa e culturale che deve poter proseguire con l\u2019insostituibile sostegno delle istituzioni\u201d. \u00c8 quanto chiede alla Giunta regionale\u00a0<b>Andrea Pieroni<\/b>, consigliere regionale Pd, attraverso la mozione\u00a0<i>\u201cIn merito alle misure regionali di sostegno all\u2019Associazione Culturale Carte Blanche di Volterra\u201d.<\/i><\/span><\/div>\n","protected":false},"excerpt":{"rendered":"<p>Il consigliere regionale Pd, Andrea Pieroni, presenta una mozione a sostegno dell\u2019Associazione Culturale Carte Blanche di Volterra; affinch\u00e9 il contributo della Regione Toscana prosegua anche nei prossimi anni \u00a0 &#8220;L\u2019esperienza teatrale del carcere di Volterra rappresenta, fin dagli anni \u201980, una realt\u00e0 di grande valore culturale e sociale; per la qualit\u00e0 artistica della produzione teatrale, [&hellip;]<\/p>\n","protected":false},"author":41,"featured_media":21302,"comment_status":"closed","ping_status":"closed","sticky":false,"template":"","format":"standard","meta":{"_jetpack_memberships_contains_paid_content":false,"footnotes":""},"categories":[970,30],"tags":[],"class_list":{"0":"post-21301","1":"post","2":"type-post","3":"status-publish","4":"format-standard","5":"has-post-thumbnail","7":"category-andrea-pieroni","8":"category-comunicati-stampa","9":"czr-hentry"},"jetpack_featured_media_url":"https:\/\/www.gruppopdregionetoscana.it\/web\/wp-content\/uploads\/2022\/11\/compagnia-fortezza-carcere-volterra.jpeg","jetpack_sharing_enabled":true,"_links":{"self":[{"href":"https:\/\/www.gruppopdregionetoscana.it\/web\/wp-json\/wp\/v2\/posts\/21301","targetHints":{"allow":["GET"]}}],"collection":[{"href":"https:\/\/www.gruppopdregionetoscana.it\/web\/wp-json\/wp\/v2\/posts"}],"about":[{"href":"https:\/\/www.gruppopdregionetoscana.it\/web\/wp-json\/wp\/v2\/types\/post"}],"author":[{"embeddable":true,"href":"https:\/\/www.gruppopdregionetoscana.it\/web\/wp-json\/wp\/v2\/users\/41"}],"replies":[{"embeddable":true,"href":"https:\/\/www.gruppopdregionetoscana.it\/web\/wp-json\/wp\/v2\/comments?post=21301"}],"version-history":[{"count":0,"href":"https:\/\/www.gruppopdregionetoscana.it\/web\/wp-json\/wp\/v2\/posts\/21301\/revisions"}],"wp:featuredmedia":[{"embeddable":true,"href":"https:\/\/www.gruppopdregionetoscana.it\/web\/wp-json\/wp\/v2\/media\/21302"}],"wp:attachment":[{"href":"https:\/\/www.gruppopdregionetoscana.it\/web\/wp-json\/wp\/v2\/media?parent=21301"}],"wp:term":[{"taxonomy":"category","embeddable":true,"href":"https:\/\/www.gruppopdregionetoscana.it\/web\/wp-json\/wp\/v2\/categories?post=21301"},{"taxonomy":"post_tag","embeddable":true,"href":"https:\/\/www.gruppopdregionetoscana.it\/web\/wp-json\/wp\/v2\/tags?post=21301"}],"curies":[{"name":"wp","href":"https:\/\/api.w.org\/{rel}","templated":true}]}}