{"id":21310,"date":"2022-11-23T16:17:37","date_gmt":"2022-11-23T15:17:37","guid":{"rendered":"https:\/\/www.gruppopdregionetoscana.it\/web\/?p=21310"},"modified":"2022-11-23T16:17:38","modified_gmt":"2022-11-23T15:17:38","slug":"bilancio-via-libera-del-consiglio-alla-variazione","status":"publish","type":"post","link":"https:\/\/www.gruppopdregionetoscana.it\/web\/bilancio-via-libera-del-consiglio-alla-variazione\/","title":{"rendered":"Bilancio, via libera del Consiglio alla variazione"},"content":{"rendered":"\n<p><strong>Bugliani: \u00abRegione investe oltre 60 milioni su edilizia scolastica, cultura e ambiente\u00bb. Ceccarelli: \u00abRisorse alla sanit\u00e0 con la speranza che il governo rinunci ai tagli annunciati\u00bb<\/strong><\/p>\n<p>\u201cLa variazione di bilancio \u00e8 un atto ordinario che ogni amministrazione compie prima della fine dell\u2019anno per modificare le previsioni di bilancio sulla base di problematiche non prevedibili o in conseguenza di fatti sopravvenuti. Con questo atto andiamo spesso a prendere atto di ritardi nell\u2019attuazione di lavori che sono attuati da soggetti diversi della Regione, magari per ragioni lecite e comprensibili, ma non certo imputabili alla Regione. In sintesi, con la variazione, rendiamo pi\u00f9 efficiente il bilancio regionale, favorendo la realizzazione di opere e interventi utili per i cittadini. In particolare, vorrei citare le risorse destinate a cultura e sanit\u00e0, con la speranza che il governo riveda la sua posizione di tagliare risorse alla sanit\u00e0 pubblica\u201d. Con queste parole, il capogruppo Pd Vincenzo Ceccarelli, commenta l\u2019approvazione della terza variazione di bilancio da parte del Consiglio regionale.<\/p>\n<p>\u00abLa Toscana \u2013 ha spiegato il Presidente della prima commissione Giacomo Bugliani nell\u2019illustrare la variazione &#8211; continua a investire su edilizia sanitaria, sulla tutela e il recupero del patrimonio artistico e culturale, e la salvaguardia ambientale. Sono i principali capitoli di spesa all\u2019interno della manovra di bilancio 2022-2024 che abbiamo approvato prima in Commissione affari istituzionali che presiedo e oggi in Consiglio regionale, e che ben delineano le priorit\u00e0 delle politiche della Regione Toscana a favore dei territori e dei cittadini. Complessivamente, con la manovra, si effettuano interventi di modifica alla legge di bilancio triennale che comportano per il 2022 un segno negativo di 121 milioni di euro; per il 2023 un segno positivo 125 milioni; per il 2024 un segno positivo di 58 milioni di euro. La variazione incide in maniera significativa sulle previsioni di spesa del triennio, portando una riduzione dell\u2019indebitamento di oltre 120 milioni di euro. Una misura necessaria poich\u00e9 molti stanziamenti con previsione di spesa nel 2022, saranno esigibili negli anni successivi. La Regione Toscana, in questo modo \u2013 prosegue Bugliani &#8211; libera risorse per consentire a tutti i Comuni e ai soggetti interessati di poterne beneficiare negli anni successivi. La manovra interviene su alcuni settori strategici per il governo di questa regione. Il primo \u00e8 quello della sanit\u00e0 con uno stanziamento di 10 milioni per l\u2019ospedale di Cisanello (Pisa), che consentir\u00e0 di proseguire i lavori in corso; 36 milioni di euro sono, invece, destinati alle aziende sanitarie e agli enti derivati del sistema sanitario regionale per far fronte alle spese dovute agli investimenti sull\u2019edilizia sanitaria. Si tratta di un finanziamento che consentir\u00e0 alle aziende di non dover dirottare sull\u2019edilizia sanitaria risorse importantissime per i servizi sanitari rivolti ai cittadini toscani. Al settore della cultura e per la tutela del patrimonio artistico e culturale toscano \u2013 conclude il Presidente Bugliani &#8211; sono destinati 14,8 milioni di euro, che vanno ad aggiungersi a tutta una serie di stanziamenti nei territori per il recupero di patrimonio di notevole storico e artistico. Sul fronte della tutela ambientale ricordo lo stanziamento pi\u00f9 importante che questa manovra prevede di 12 milioni di euro per consentire la bonifica delle falde per le aree SIN e SIR nei comuni di Massa Carrara. Un passaggio necessario perch\u00e9 si \u00e8 corso il rischio di perdere il finanziamento del Ministero e la Regione Toscana, pur senza avere responsabilit\u00e0 diretta, ma con un atto di responsabilit\u00e0 politica verso i cittadini, ha deciso di garantire l\u2019intervento. L\u2019auspicio \u00e8 che Ministero della transizione ecologica sappia restituire alla Toscana queste risorse, che hanno il grande pregio di assicurare l\u2019avvio di un\u2019opera attesa e importante per l\u2019ambiente, la salute e l\u2019economia del territorio di Massa Carrara\u00bb.<\/p>\n<p>\u00a0<\/p>\n","protected":false},"excerpt":{"rendered":"<p>Bugliani: \u00abRegione investe oltre 60 milioni su edilizia scolastica, cultura e ambiente\u00bb. Ceccarelli: \u00abRisorse alla sanit\u00e0 con la speranza che il governo rinunci ai tagli annunciati\u00bb \u201cLa variazione di bilancio \u00e8 un atto ordinario che ogni amministrazione compie prima della fine dell\u2019anno per modificare le previsioni di bilancio sulla base di problematiche non prevedibili o [&hellip;]<\/p>\n","protected":false},"author":1,"featured_media":21208,"comment_status":"closed","ping_status":"closed","sticky":false,"template":"","format":"standard","meta":{"_jetpack_memberships_contains_paid_content":false,"footnotes":""},"categories":[30,961,2222],"tags":[],"class_list":{"0":"post-21310","1":"post","2":"type-post","3":"status-publish","4":"format-standard","5":"has-post-thumbnail","7":"category-comunicati-stampa","8":"category-giacomo-bugliani","9":"category-vincenzo-ceccarelli","10":"czr-hentry"},"jetpack_featured_media_url":"https:\/\/www.gruppopdregionetoscana.it\/web\/wp-content\/uploads\/2022\/10\/aula.jpg","jetpack_sharing_enabled":true,"_links":{"self":[{"href":"https:\/\/www.gruppopdregionetoscana.it\/web\/wp-json\/wp\/v2\/posts\/21310","targetHints":{"allow":["GET"]}}],"collection":[{"href":"https:\/\/www.gruppopdregionetoscana.it\/web\/wp-json\/wp\/v2\/posts"}],"about":[{"href":"https:\/\/www.gruppopdregionetoscana.it\/web\/wp-json\/wp\/v2\/types\/post"}],"author":[{"embeddable":true,"href":"https:\/\/www.gruppopdregionetoscana.it\/web\/wp-json\/wp\/v2\/users\/1"}],"replies":[{"embeddable":true,"href":"https:\/\/www.gruppopdregionetoscana.it\/web\/wp-json\/wp\/v2\/comments?post=21310"}],"version-history":[{"count":0,"href":"https:\/\/www.gruppopdregionetoscana.it\/web\/wp-json\/wp\/v2\/posts\/21310\/revisions"}],"wp:featuredmedia":[{"embeddable":true,"href":"https:\/\/www.gruppopdregionetoscana.it\/web\/wp-json\/wp\/v2\/media\/21208"}],"wp:attachment":[{"href":"https:\/\/www.gruppopdregionetoscana.it\/web\/wp-json\/wp\/v2\/media?parent=21310"}],"wp:term":[{"taxonomy":"category","embeddable":true,"href":"https:\/\/www.gruppopdregionetoscana.it\/web\/wp-json\/wp\/v2\/categories?post=21310"},{"taxonomy":"post_tag","embeddable":true,"href":"https:\/\/www.gruppopdregionetoscana.it\/web\/wp-json\/wp\/v2\/tags?post=21310"}],"curies":[{"name":"wp","href":"https:\/\/api.w.org\/{rel}","templated":true}]}}