{"id":21687,"date":"2023-06-23T12:32:35","date_gmt":"2023-06-23T10:32:35","guid":{"rendered":"https:\/\/www.gruppopdregionetoscana.it\/web\/?p=21687"},"modified":"2023-06-23T12:32:36","modified_gmt":"2023-06-23T10:32:36","slug":"congedo-di-paternita-giachi-e-vannucci-serve-una-normativa-nazionale-la-societa-e-cambiata-ce-bisogno-di-uguaglianza","status":"publish","type":"post","link":"https:\/\/www.gruppopdregionetoscana.it\/web\/congedo-di-paternita-giachi-e-vannucci-serve-una-normativa-nazionale-la-societa-e-cambiata-ce-bisogno-di-uguaglianza\/","title":{"rendered":"Congedo di paternit\u00e0; Giachi e Vannucci: \u00abServe una normativa nazionale. La societ\u00e0 \u00e8 cambiata, c\u2019\u00e8 bisogno di uguaglianza\u00bb"},"content":{"rendered":"\n<p style=\"font-weight: 400;\"><em>La consigliera regionale Pd e presidente della Commissione cultura, Cristina Giachi, e il consigliere regionale Pd, Andrea Vannucci, con una risoluzione, rivolgono un appello al Governo per una legge nazionale sul congedo paritario, e presentano una legge sul congedo di paternit\u00e0 obbligatorio nelle istituzioni regionali: \u00abQuesta \u00e8 una misura che, anche se simbolica, pone all\u2019attenzione una questione di uguaglianza fondamentale\u00bb<\/em><\/p>\n<p style=\"font-weight: 400;\"><br \/><img loading=\"lazy\" decoding=\"async\" class=\"size-medium wp-image-21688 alignleft\" src=\"https:\/\/www.gruppopdregionetoscana.it\/web\/wp-content\/uploads\/2023\/06\/Giachi-300x225.jpeg\" alt=\"\" width=\"300\" height=\"225\" srcset=\"https:\/\/www.gruppopdregionetoscana.it\/web\/wp-content\/uploads\/2023\/06\/Giachi-300x225.jpeg 300w, https:\/\/www.gruppopdregionetoscana.it\/web\/wp-content\/uploads\/2023\/06\/Giachi-1024x768.jpeg 1024w, https:\/\/www.gruppopdregionetoscana.it\/web\/wp-content\/uploads\/2023\/06\/Giachi-1536x1152.jpeg 1536w, https:\/\/www.gruppopdregionetoscana.it\/web\/wp-content\/uploads\/2023\/06\/Giachi.jpeg 1600w\" sizes=\"auto, (max-width: 300px) 100vw, 300px\" \/>\u00abIn questo Paese si parla molto di crisi della natalit\u00e0 e di politiche di genere, ma le misure dedicate a tali materie scarseggiano o sono obsolete. Per incentivare la crescita demografica, per perseguire l\u2019uguaglianza tra i sessi e per migliorare la conciliazione tra attivit\u00e0 lavorativa e vita privata dei genitori, occorre una normativa organica sul congedo paritario, in grado di accordare le diverse esigenze. In un\u2019ottica di piena condivisione dei compiti di cura e accudimento familiare, oltrech\u00e9 lavorativi. Per questo, con una risoluzione, chiediamo alla Giunta regionale di sollecitare il Governo ad attivarsi per predisporre una legge nazionale sul sistema dei congedi a sostegno della genitorialit\u00e0. Equiparare la ripartizione dei bisogni familiari \u00e8 da tempo un\u2019urgenza \u2013 normativa e culturale \u2013 su cui non possiamo pi\u00f9 derogare. Come rappresentanti delle istituzioni regionali abbiamo deciso di proporre una normativa a supporto di questa battaglia. Una proposta di legge finalizzata a parificare il congedo destinato alle madri con quello previsto per i padri; considerando, in questo senso, presente il consigliere o il membro della Giunta anche durante il periodo di congedo di paternit\u00e0 obbligatorio, cos\u00ec come accade per le<img loading=\"lazy\" decoding=\"async\" class=\"size-medium wp-image-21689 alignright\" src=\"https:\/\/www.gruppopdregionetoscana.it\/web\/wp-content\/uploads\/2023\/06\/Vannucci-300x200.jpeg\" alt=\"\" width=\"300\" height=\"200\" srcset=\"https:\/\/www.gruppopdregionetoscana.it\/web\/wp-content\/uploads\/2023\/06\/Vannucci-300x200.jpeg 300w, https:\/\/www.gruppopdregionetoscana.it\/web\/wp-content\/uploads\/2023\/06\/Vannucci-1024x682.jpeg 1024w, https:\/\/www.gruppopdregionetoscana.it\/web\/wp-content\/uploads\/2023\/06\/Vannucci-1536x1023.jpeg 1536w, https:\/\/www.gruppopdregionetoscana.it\/web\/wp-content\/uploads\/2023\/06\/Vannucci.jpeg 1600w\" sizes=\"auto, (max-width: 300px) 100vw, 300px\" \/> madri degli stessi organi istituzionali. Una misura che, anche se simbolica, pone all\u2019attenzione una questione di uguaglianza fondamentale. Dalla Toscana vogliamo lanciare un segnale che auspichiamo possa generare risposte su scala nazionale, superando stereotipi e una ripartizione iniqua e, per molti aspetti arretrata, delle funzioni genitoriali che, ancora maniera diffusa, produce effetti negativi sui percorsi lavorativi delle donne. In Italia, nel corso del 2022, grazie ad impulsi europei sono stati messi in atto diversi interventi, come il congedo di paternit\u00e0 obbligatorio passato da 7 a 10 giorni retribuito al 100 per cento e il diritto individuale al congedo parentale minimo di quattro mesi, due dei quali non possono essere trasferiti tra madre e padre. I dati INPS pi\u00f9 recenti continuano, per\u00f2, a dimostrare che la percentuale dei padri che fruiscono del congedo \u00e8 pari al 20 per cento e che i carichi di cura familiari risultano ancora molto sbilanciati e lontani dall\u2019equilibrio tra madri e padri. Le leggi attuali non sono sufficienti a stare al passo coi cambiamenti sociali e culturali in atto nel nostro Paese; non sono sufficienti a garantire uguaglianza e parit\u00e0 di condizioni tra i genitori nel mondo del lavoro. Serve una nuova disciplina, il Governo intervenga\u00bb. \u00c8 quanto dichiarano i consiglieri regionali Pd <strong>Cristina Giachi<\/strong>\u00a0e\u00a0<strong>Andrea Vannucci<\/strong>\u00a0presentando contestualmente due atti: la risoluzione \u201cIn merito alla necessit\u00e0 di un percorso normativo e culturale in grado di estendere il ricorso agli strumenti di supporto alla genitorialit\u00e0\u201d e la proposta di legge \u201cDisposizioni in materia di congedo di paternit\u00e0 obbligatorio per i consiglieri e per i componenti della Giunta regionale. Modifiche alla l.r. 3\/2009\u201d.<\/p>\n","protected":false},"excerpt":{"rendered":"<p>La consigliera regionale Pd e presidente della Commissione cultura, Cristina Giachi, e il consigliere regionale Pd, Andrea Vannucci, con una risoluzione, rivolgono un appello al Governo per una legge nazionale sul congedo paritario, e presentano una legge sul congedo di paternit\u00e0 obbligatorio nelle istituzioni regionali: \u00abQuesta \u00e8 una misura che, anche se simbolica, pone all\u2019attenzione [&hellip;]<\/p>\n","protected":false},"author":41,"featured_media":21690,"comment_status":"closed","ping_status":"closed","sticky":false,"template":"","format":"standard","meta":{"_jetpack_memberships_contains_paid_content":false,"footnotes":""},"categories":[2239,30,2233],"tags":[],"class_list":{"0":"post-21687","1":"post","2":"type-post","3":"status-publish","4":"format-standard","5":"has-post-thumbnail","7":"category-andrea-vannucci","8":"category-comunicati-stampa","9":"category-cristina-giachi","10":"czr-hentry"},"jetpack_featured_media_url":"https:\/\/www.gruppopdregionetoscana.it\/web\/wp-content\/uploads\/2023\/06\/Aggiungi-unintestazione.png","jetpack_sharing_enabled":true,"_links":{"self":[{"href":"https:\/\/www.gruppopdregionetoscana.it\/web\/wp-json\/wp\/v2\/posts\/21687","targetHints":{"allow":["GET"]}}],"collection":[{"href":"https:\/\/www.gruppopdregionetoscana.it\/web\/wp-json\/wp\/v2\/posts"}],"about":[{"href":"https:\/\/www.gruppopdregionetoscana.it\/web\/wp-json\/wp\/v2\/types\/post"}],"author":[{"embeddable":true,"href":"https:\/\/www.gruppopdregionetoscana.it\/web\/wp-json\/wp\/v2\/users\/41"}],"replies":[{"embeddable":true,"href":"https:\/\/www.gruppopdregionetoscana.it\/web\/wp-json\/wp\/v2\/comments?post=21687"}],"version-history":[{"count":0,"href":"https:\/\/www.gruppopdregionetoscana.it\/web\/wp-json\/wp\/v2\/posts\/21687\/revisions"}],"wp:featuredmedia":[{"embeddable":true,"href":"https:\/\/www.gruppopdregionetoscana.it\/web\/wp-json\/wp\/v2\/media\/21690"}],"wp:attachment":[{"href":"https:\/\/www.gruppopdregionetoscana.it\/web\/wp-json\/wp\/v2\/media?parent=21687"}],"wp:term":[{"taxonomy":"category","embeddable":true,"href":"https:\/\/www.gruppopdregionetoscana.it\/web\/wp-json\/wp\/v2\/categories?post=21687"},{"taxonomy":"post_tag","embeddable":true,"href":"https:\/\/www.gruppopdregionetoscana.it\/web\/wp-json\/wp\/v2\/tags?post=21687"}],"curies":[{"name":"wp","href":"https:\/\/api.w.org\/{rel}","templated":true}]}}