{"id":22159,"date":"2024-10-09T14:53:21","date_gmt":"2024-10-09T12:53:21","guid":{"rendered":"https:\/\/www.gruppopdregionetoscana.it\/web\/?p=22159"},"modified":"2024-10-09T14:53:21","modified_gmt":"2024-10-09T12:53:21","slug":"av-ceccarelli-pd-e-scaramelli-iv-meno-campagna-elettorale-e-piu-fatti-subito-aumento-dei-servizi-veloci-su-arezzo-e-chiusi-per-medioetruria-nessuno-pensi-di-decidere-senza-la-toscana","status":"publish","type":"post","link":"https:\/\/www.gruppopdregionetoscana.it\/web\/av-ceccarelli-pd-e-scaramelli-iv-meno-campagna-elettorale-e-piu-fatti-subito-aumento-dei-servizi-veloci-su-arezzo-e-chiusi-per-medioetruria-nessuno-pensi-di-decidere-senza-la-toscana\/","title":{"rendered":"AV, Ceccarelli (Pd) e Scaramelli (Iv): \u201cMeno campagna elettorale e pi\u00f9 fatti. Subito aumento dei servizi veloci su Arezzo e Chiusi. Per Medioetruria nessuno pensi di decidere senza la Toscana\u201d"},"content":{"rendered":"\n\n\n<p><img loading=\"lazy\" decoding=\"async\" class=\"size-medium wp-image-22160 alignleft\" src=\"https:\/\/www.gruppopdregionetoscana.it\/web\/wp-content\/uploads\/2024\/10\/5780532630863856271-300x225.jpg\" alt=\"\" width=\"300\" height=\"225\" srcset=\"https:\/\/www.gruppopdregionetoscana.it\/web\/wp-content\/uploads\/2024\/10\/5780532630863856271-300x225.jpg 300w, https:\/\/www.gruppopdregionetoscana.it\/web\/wp-content\/uploads\/2024\/10\/5780532630863856271-1024x768.jpg 1024w, https:\/\/www.gruppopdregionetoscana.it\/web\/wp-content\/uploads\/2024\/10\/5780532630863856271.jpg 1280w\" sizes=\"auto, (max-width: 300px) 100vw, 300px\" \/>\u201cCreti No. Le infrastrutture sono una cosa seria, un ministro non pu\u00f2 usarle per fare campagna elettorale. Serve condivisione con la Regione Toscana che ha partecipato in modo costruttivo ala tavolo tecnico ministeriale e che non pu\u00f2 essere esclusa proprio nel momento in cui si fa la scelta finale\u201d.<\/p>\n<p>\u00c8 questo il concetto forte affermato dai capigruppo di Pd e Italia Viva in Consiglio regionale, <strong>Vincenzo<\/strong> <strong>Ceccarelli<\/strong> e <strong>Stefano<\/strong> <strong>Scaramelli<\/strong>, nel corso di una conferenza stampa tenutasi oggi a Firenze, nella quale \u00e8 stata ribadita la forte contrariet\u00e0 all\u2019annuncio del ministro delle Infrastrutture Matteo Salvini circa la scelta della localit\u00e0 di Creti (Cortona) come localizzazione della nuova stazione Alta Velocit\u00e0 \u201cMedioetruria\u201d.<\/p>\n<p>La conferenza stampa era stata convocata per illustrare il punto di vista in tema di servizi di Av\u00a0 su rotaia nel bacino aretino-senese.<\/p>\n<p>\u201cCome Regione \u2013 hanno detto <strong>Ceccarelli<\/strong> e <strong>Scaramelli<\/strong> \u2013 siamo impegnati a chiedere il potenziamento dei servizi nelle attuali stazioni di Arezzo e di Chiusi, per intercettare sempre di pi\u00f9 e meglio l&#8217;Alta Velocit\u00e0. Allo stesso tempo, condividiamo la necessit\u00e0 di realizzare al pi\u00f9 presto le condizioni per avere un collegamento diretto Siena-Roma e Siena-Arezzo. La maggioranza di PD e IV che governa la Regione su questo \u00e8 compatta\u201d.<\/p>\n<p>Su Medioetruria la posizione \u00e8 chiara: \u201cUna stazione che ha un orizzonte proiettato di qui ai prossimi decenni, non pu\u00f2 non avere come fondamento l\u2019intermodalit\u00e0, ovvero il collegamento ferro-ferro e gomma-ferro\u201d.<\/p>\n<p>\u201cL\u2019annuncio del tutto inatteso e fuori luogo da parte del ministro delle Infrastrutture e dei trasporti della decisione di avviare uno studio di fattibilit\u00e0 per localizzare in loc. Creti ci ha colto impreparati \u2013 <strong>spiega il capogruppo Pd<\/strong> \u2013 e crea i presupposti per bloccare il percorso virtuoso che si dovrebbe seguire per realizzare un\u2019opera cos\u00ec importante per il bacino umbro-aretino-senese. Per questo oggi siamo qui a chiedere che si apra immediatamente un tavolo con i gestori del servizio, al fine di ridiscutere le condizioni infrastrutturali necessarie per potenziare in tempi rapidi i servizi di Av nelle stazioni di Arezzo e Chiusi, anche luce di quanto affermato nella relazione del tavolo tecnico. Questa sarebbe la soluzione pi\u00f9 necessaria logica a breve termine. Mentre per la realizzazione della futura stazione credo sia opportuno attendere la fine della campagna elettorale in Umbria, perch\u00e9 poi nell\u2019avvicinarsi di quella Toscana non mi sorprenderei se il ministro cambiasse idea. Nel frattempo lo invitiamo ad assistere al dibattito in Consiglio regionale non appena sar\u00e0 messa all\u2019ordine del giorno la mozione che stiamo depositando proprio per chiedere al Presidente e all\u2019assessore Baccelli di battersi con la massima energia contro la scelta della localizzazione a Creti\u201d.<\/p>\n<p>\u201cSe si ipotizza di fare un investimento importante in Toscana \u2013 afferma il capogruppo di Iv <strong>Scaramelli<\/strong> &#8211; non si pu\u00f2 prescindere dalla volont\u00e0 della Toscana. Se poi si pensa di fare un favore all\u2019Umbria si faccia in Umbria. Le risorse pubbliche sono limitate e come tali andrebbero gestite con oculatezza, e non per finanziare la campagna elettorale della Lega\u201d.<\/p>\n","protected":false},"excerpt":{"rendered":"<p>\u201cCreti No. Le infrastrutture sono una cosa seria, un ministro non pu\u00f2 usarle per fare campagna elettorale. Serve condivisione con la Regione Toscana che ha partecipato in modo costruttivo ala tavolo tecnico ministeriale e che non pu\u00f2 essere esclusa proprio nel momento in cui si fa la scelta finale\u201d. \u00c8 questo il concetto forte affermato [&hellip;]<\/p>\n","protected":false},"author":41,"featured_media":22161,"comment_status":"closed","ping_status":"closed","sticky":false,"template":"","format":"standard","meta":{"_jetpack_memberships_contains_paid_content":false,"footnotes":""},"categories":[30,2222],"tags":[],"class_list":{"0":"post-22159","1":"post","2":"type-post","3":"status-publish","4":"format-standard","5":"has-post-thumbnail","7":"category-comunicati-stampa","8":"category-vincenzo-ceccarelli","9":"czr-hentry"},"jetpack_featured_media_url":"https:\/\/www.gruppopdregionetoscana.it\/web\/wp-content\/uploads\/2024\/10\/5780532630863856270-e1728478954808.jpg","jetpack_sharing_enabled":true,"_links":{"self":[{"href":"https:\/\/www.gruppopdregionetoscana.it\/web\/wp-json\/wp\/v2\/posts\/22159","targetHints":{"allow":["GET"]}}],"collection":[{"href":"https:\/\/www.gruppopdregionetoscana.it\/web\/wp-json\/wp\/v2\/posts"}],"about":[{"href":"https:\/\/www.gruppopdregionetoscana.it\/web\/wp-json\/wp\/v2\/types\/post"}],"author":[{"embeddable":true,"href":"https:\/\/www.gruppopdregionetoscana.it\/web\/wp-json\/wp\/v2\/users\/41"}],"replies":[{"embeddable":true,"href":"https:\/\/www.gruppopdregionetoscana.it\/web\/wp-json\/wp\/v2\/comments?post=22159"}],"version-history":[{"count":0,"href":"https:\/\/www.gruppopdregionetoscana.it\/web\/wp-json\/wp\/v2\/posts\/22159\/revisions"}],"wp:featuredmedia":[{"embeddable":true,"href":"https:\/\/www.gruppopdregionetoscana.it\/web\/wp-json\/wp\/v2\/media\/22161"}],"wp:attachment":[{"href":"https:\/\/www.gruppopdregionetoscana.it\/web\/wp-json\/wp\/v2\/media?parent=22159"}],"wp:term":[{"taxonomy":"category","embeddable":true,"href":"https:\/\/www.gruppopdregionetoscana.it\/web\/wp-json\/wp\/v2\/categories?post=22159"},{"taxonomy":"post_tag","embeddable":true,"href":"https:\/\/www.gruppopdregionetoscana.it\/web\/wp-json\/wp\/v2\/tags?post=22159"}],"curies":[{"name":"wp","href":"https:\/\/api.w.org\/{rel}","templated":true}]}}