{"id":22349,"date":"2025-02-10T17:59:48","date_gmt":"2025-02-10T16:59:48","guid":{"rendered":"https:\/\/www.gruppopdregionetoscana.it\/web\/?p=22349"},"modified":"2025-05-14T10:50:47","modified_gmt":"2025-05-14T08:50:47","slug":"legge-fine-vita-facciamo-chiarezza","status":"publish","type":"post","link":"https:\/\/www.gruppopdregionetoscana.it\/web\/legge-fine-vita-facciamo-chiarezza\/","title":{"rendered":"Legge \u201cFine Vita\u201d: facciamo chiarezza."},"content":{"rendered":"\n<h3>Il Consiglio regionale della Toscana, per la prima volta nella sua storia, ha discusso e approvato una proposta di legge d\u2019iniziativa popolare.<\/h3>\n<h3>La <strong>proposta<\/strong>, <strong>presentata dall\u2019associazione Luca Coscioni<\/strong>, \u00e8 stata ampiamente dibattuta in Commissione Sanit\u00e0 e politiche sociali, anche con il contributo di diversi soggetti esterni che hanno partecipato alle audizioni. Al termine di questo iter, la Commissione ha discusso e approvato diversi emendamenti che hanno modificato profondamente il testo originario e sostanzialmente trasformato la proposta <strong>in una norma procedimentale e di attuazione delle sentenze della Consulta<\/strong><span style=\"color: #ff0000;\"><strong><sup>1<\/sup><\/strong><\/span>, con l\u2019obiettivo di dare una risposta ai rilievi di costituzionalit\u00e0 e legittimit\u00e0.<\/h3>\n<h3>Sempre con gli emendamenti, poi, <strong>\u00e8 stata introdotta una prestazione aggiuntiva<\/strong> (\u201cextra Lea\u201d), ovvero un intervento a carico del servizio pubblico, finora non previsto. <strong>Ad oggi, infatti, verificate le condizioni essenziali, la persona veniva lasciata sola nella ricerca del medico e nel reperimento e pagamento dei farmaci<\/strong>; con questa norma tutto ci\u00f2 sar\u00e0 compito del sistema sanitario regionale.<\/h3>\n<h3>La legge toscana, infine, <strong>garantir\u00e0 un trattamento eguale ed omogeneo in tutte le aziende sanitarie<\/strong> che, ad oggi, si approcciavano diversamente alla questione.<\/h3>\n<h2><span style=\"background-color: #33cccc;\"><strong>Domande e risposte<\/strong><\/span><\/h2>\n<h3><span style=\"color: #33cccc;\"><strong>Ma pu\u00f2 una singola Regione normare queste materie che attengono ai diritti e all\u2019etica?<\/strong><\/span><\/h3>\n<h3>La legge toscana non interviene nell\u2019ambito del riconoscimento del diritto, cio\u00e8 sulla sussistenza delle condizioni per accedere al cosiddetto suicidio assistito. Cosa che, invece, ha fatto la Corte Costituzionale, rendendolo omogeneo su tutto il territorio nazionale. La legge detta norme a carattere organizzativo, con cui \u00e8 regolato l\u2019esercizio delle funzioni che la giurisprudenza costituzionale attribuisce alle aziende sanitarie.<\/h3>\n<h3><span style=\"color: #33cccc;\"><strong>Ma \u00e8 una forma di autonomia differenziata?<\/strong><\/span><\/h3>\n<h3>L\u2019autonomia non c\u2019entra nulla! La Regione detta una disciplina strettamente attuativa della giurisprudenza costituzionale in materia di suicidio medicalmente assistito, nell\u2019esercizio delle proprie competenze. I requisiti del diritto li ha stabiliti la Corte e sono uguali in tutta Italia, l\u2019autonomia differenziata\u00a0 su questo tema lo permetterebbe.<\/h3>\n<h3><span style=\"color: #33cccc;\"><strong>Ma questa legge costituir\u00e0 un \u201cincentivo\u201d e una semplificazione per chi vuole ricorrervi?<\/strong><\/span><\/h3>\n<h3>Assolutamente no! Nessuna scorciatoia, non ci sar\u00e0 nulla di automatico. Viene istituita una Commissione multidisciplinare permanente per la verifica della sussistenza dei requisiti per l\u2019accesso al suicidio medicalmente assistito nonch\u00e9 per la verifica o definizione delle relative modalit\u00e0 di attuazione. La \u00a0Commissione sar\u00e0 composta da: un medico palliativista; un medico psichiatra; un medico anestesista; uno psicologo; un medico legale; un infermiere.<\/h3>\n<h3><span style=\"color: #33cccc;\"><strong>Ma le cure palliative?<\/strong><\/span><\/h3>\n<h3>La Commissione verifica in via preliminare che il richiedente abbia ricevuto una informazione chiara e adeguata sulla possibilit\u00e0 di accedere ad un percorso di cure palliative. Il richiedente \u00e8 altres\u00ec informato del suo <strong>diritto di rifiutare o revocare il consenso a qualsiasi trattamento sanitario, anche di sostegno vitale, e della possibilit\u00e0 di ricorrere alla sedazione palliativa profonda continua<\/strong>.<\/h3>\n<h3><strong>Noi pensiamo che le cure palliative debbano avere un posto di rilievo nei percorsi di assistenza<\/strong>. I dati* oggi ci dicono che la Toscana investe in questo settore e sta ulteriormente potenziando sia le cure palliative che i posti letti negli hospice. Gli stessi dati, per\u00f2 ci dicono che solo il 50% di questi posti letti \u00e8 attualmente occupato. Questo vuol dire che <strong>bisogna fare pi\u00f9 informazione e fare in modo che queste opportunit\u00e0 non siano utilizzate solo dai malati oncologici<\/strong>.<\/h3>\n<h3>* Per quanto riguarda le unit\u00e0 cure palliative si \u00e8 passati da 26 nel 2023 a 30 nel 2024 con un incremento del 15 per cento. I posti letto in hospice per pazienti adulti nel 2023 erano 185 e sono passati a 206 nel 2024, con un incremento di 21 unit\u00e0.\u00a0Nel 2024 \u00e8 cresciuto anche il numero di assistiti dalle cure palliative, passando dai 7897 pazienti del 2023 agli 8400 del 2024 (+6,4%). Sono stati invece 4167 i pazienti complessivamente assistiti in hospice, residenziale e semiresidenziale: 371 in pi\u00f9 rispetto all\u2019anno precedente (+9,8%).<\/h3>\n<h3><span style=\"color: #33cccc;\"><strong>Ma con questa legge obbligherete i sanitari a praticare il \u201cfine vita\u201d?<\/strong><\/span><\/h3>\n<h3>Assolutamente no! Per la giurisprudenza nazionale il paziente deve essere in grado di somministrarsi il farmaco autonomamente e volontariamente, senza l\u2019intervento diretto di un\u2019altra persona. L\u2019elemento discriminante per parlare di suicidio assistito \u00e8 l\u2019auto-somministrazione del farmaco.<\/h3>\n<h3><strong>Medici e sanitari potranno, in ogni caso, fare obiezione di coscienza.<\/strong><\/h3>\n<h3><span style=\"color: #33cccc;\"><strong>Ma perch\u00e9 proprio la Toscana?<\/strong><\/span><\/h3>\n<h3>Ripetiamo: <strong>questa non \u00e8 una legge che sancisce un diritto ma che ne regola l\u2019applicazione<\/strong>. Una normativa che viene da una proposta d\u2019iniziativa popolare, che il Consiglio regionale era tenuto a valutare. Potevamo scegliere di bocciarla. Ma questo non avrebbe impedito a nessuno di esercitare il diritto che le sentenze della Corte Costituzionale hanno determinato. Solo che lo avrebbero fatto in condizioni di disparit\u00e0 e diseguaglianza, dovendo cercarsi un medico e i medicinali, pagandoli.<\/h3>\n<h3><em><strong>Su questo, s\u00ec, \u00e8 vero: proprio la Toscana. Una terra da sempre sensibile ai temi della dignit\u00e0 umana.<\/strong><\/em><\/h3>\n<p>\u00a0<\/p>\n<p><span style=\"color: #ff0000;\"><strong><sup>1 <\/sup><\/strong><\/span>La Corte costituzionale \u00e8 intervenuta con la sentenza 242\/2019, immediatamente eseguibile, con la quale \u00e8 stata individuata una circoscritta area in cui l&#8217;incriminazione per aiuto al suicidio, ex articolo 580 del codice penale, non \u00e8 conforme a Costituzione, corrispondente segnatamente ai casi in cui l&#8217;aspirante suicida si identifichi in una persona \u201c(a) affetta da una patologia irreversibile e (b) fonte di sofferenze fisiche o psicologiche, che trova assolutamente intollerabili, la quale sia (c) tenuta in vita a mezzo di trattamenti di sostegno vitale, ma resti (d) capace di prendere decisioni libere e consapevoli\u201d.<\/p>\n<p>Peraltro, con la sentenza 135\/2024 la stessa Corte ha evidenziato come non possa esservi \u201cdistinzione tra la situazione del paziente gi\u00e0 sottoposto a trattamenti di sostegno vitale, di cui pu\u00f2 pretendere l\u2019interruzione, e quella del paziente che, per sopravvivere, necessiti, in base a valutazione medica, dell\u2019attivazione di simili trattamenti, che per\u00f2 pu\u00f2 rifiutare\u201d;<\/p>\n<p>La Corte costituzionale richiama espressamente la legge 22 dicembre 2017, n. 219 (Norme in materia di consenso informato e di disposizioni anticipate di trattamento) la quale prevede che il paziente pu\u00f2 gi\u00e0 decidere di lasciarsi morire chiedendo l&#8217;interruzione dei trattamenti di sostegno vitale e la sottoposizione a sedazione profonda continua, che lo pone in stato di incoscienza fino al momento della morte. Decisione che il medico \u00e8 tenuto a rispettare;<\/p>\n<p>Inoltre, nell&#8217;ambito della sentenza 242\/2019, i giudici costituzionali hanno ritenuto che la verifica delle condizioni che rendono legittimo l&#8217;aiuto al suicidio e delle relative modalit\u00e0 di esecuzione debba restare affidata, in attesa dell&#8217;intervento legislativo, a strutture pubbliche del servizio sanitario nazionale, e che a tal fine debba essere acquisito il parere del comitato etico territorialmente competente. Ci\u00f2 in linea con quanto gi\u00e0 stabilito in precedenti pronunce, relative a situazioni analoghe.<\/p>\n<p>\u00a0<\/p>\n<p><span style=\"color: #ff0000;\"><strong>Qui sotto puoi scaricare il testo completo della Legge<\/strong><\/span><br \/><a href=\"https:\/\/www.gruppopdregionetoscana.it\/web\/wp-content\/uploads\/2025\/02\/LEGGEFINEVITA.pdf\"><img loading=\"lazy\" decoding=\"async\" class=\"alignnone  wp-image-13621\" src=\"https:\/\/www.gruppopdregionetoscana.it\/web\/wp-content\/uploads\/2016\/07\/icona-download-pdf.png\" alt=\"\" width=\"118\" height=\"118\" srcset=\"https:\/\/www.gruppopdregionetoscana.it\/web\/wp-content\/uploads\/2016\/07\/icona-download-pdf.png 200w, https:\/\/www.gruppopdregionetoscana.it\/web\/wp-content\/uploads\/2016\/07\/icona-download-pdf-151x150.png 151w\" sizes=\"auto, (max-width: 118px) 100vw, 118px\" \/><\/a><\/p>\n<p><a href=\"https:\/\/www.gruppopdregionetoscana.it\/web\/wp-content\/uploads\/2025\/02\/LEGGEFINEVITA.pdf\">LEGGEFINEVITA<\/a><\/p>\n<p>\u00a0<\/p>\n","protected":false},"excerpt":{"rendered":"<p>Il Consiglio regionale della Toscana, per la prima volta nella sua storia, ha discusso e approvato una proposta di legge d\u2019iniziativa popolare. La proposta, presentata dall\u2019associazione Luca Coscioni, \u00e8 stata ampiamente dibattuta in Commissione Sanit\u00e0 e politiche sociali, anche con il contributo di diversi soggetti esterni che hanno partecipato alle audizioni. Al termine di questo [&hellip;]<\/p>\n","protected":false},"author":41,"featured_media":22354,"comment_status":"closed","ping_status":"closed","sticky":false,"template":"","format":"standard","meta":{"_jetpack_memberships_contains_paid_content":false,"footnotes":""},"categories":[1],"tags":[2363,101],"class_list":{"0":"post-22349","1":"post","2":"type-post","3":"status-publish","4":"format-standard","5":"has-post-thumbnail","7":"category-proposte-di-legge","8":"tag-finevita","9":"tag-sanita","10":"czr-hentry"},"jetpack_featured_media_url":"https:\/\/www.gruppopdregionetoscana.it\/web\/wp-content\/uploads\/2025\/02\/Banner-LandingPage-1.png","jetpack_sharing_enabled":true,"_links":{"self":[{"href":"https:\/\/www.gruppopdregionetoscana.it\/web\/wp-json\/wp\/v2\/posts\/22349","targetHints":{"allow":["GET"]}}],"collection":[{"href":"https:\/\/www.gruppopdregionetoscana.it\/web\/wp-json\/wp\/v2\/posts"}],"about":[{"href":"https:\/\/www.gruppopdregionetoscana.it\/web\/wp-json\/wp\/v2\/types\/post"}],"author":[{"embeddable":true,"href":"https:\/\/www.gruppopdregionetoscana.it\/web\/wp-json\/wp\/v2\/users\/41"}],"replies":[{"embeddable":true,"href":"https:\/\/www.gruppopdregionetoscana.it\/web\/wp-json\/wp\/v2\/comments?post=22349"}],"version-history":[{"count":0,"href":"https:\/\/www.gruppopdregionetoscana.it\/web\/wp-json\/wp\/v2\/posts\/22349\/revisions"}],"wp:featuredmedia":[{"embeddable":true,"href":"https:\/\/www.gruppopdregionetoscana.it\/web\/wp-json\/wp\/v2\/media\/22354"}],"wp:attachment":[{"href":"https:\/\/www.gruppopdregionetoscana.it\/web\/wp-json\/wp\/v2\/media?parent=22349"}],"wp:term":[{"taxonomy":"category","embeddable":true,"href":"https:\/\/www.gruppopdregionetoscana.it\/web\/wp-json\/wp\/v2\/categories?post=22349"},{"taxonomy":"post_tag","embeddable":true,"href":"https:\/\/www.gruppopdregionetoscana.it\/web\/wp-json\/wp\/v2\/tags?post=22349"}],"curies":[{"name":"wp","href":"https:\/\/api.w.org\/{rel}","templated":true}]}}