{"id":23241,"date":"2026-03-13T15:19:50","date_gmt":"2026-03-13T14:19:50","guid":{"rendered":"https:\/\/www.gruppopdregionetoscana.it\/web\/?p=23241"},"modified":"2026-03-26T16:28:36","modified_gmt":"2026-03-26T15:28:36","slug":"crisi-energetica-e-agricoltura-mozione-in-consiglio-regionale-bezzini-il-settore-ha-bisogno-di-misure-urgenti-per-fronteggiare-laumento-dei-costi","status":"publish","type":"post","link":"https:\/\/www.gruppopdregionetoscana.it\/web\/crisi-energetica-e-agricoltura-mozione-in-consiglio-regionale-bezzini-il-settore-ha-bisogno-di-misure-urgenti-per-fronteggiare-laumento-dei-costi\/","title":{"rendered":"Crisi energetica e agricoltura, mozione in Consiglio regionale; Bezzini: \u201cIl settore ha bisogno di misure urgenti per fronteggiare l\u2019aumento dei costi\u201d"},"content":{"rendered":"\n<div><img loading=\"lazy\" decoding=\"async\" class=\"alignleft size-medium wp-image-23243\" src=\"https:\/\/www.gruppopdregionetoscana.it\/web\/wp-content\/uploads\/2026\/03\/bezzini-e-il-ruolo-di-capogruppo-pd-un-onore-e-una-responsabilita-300x169.webp\" alt=\"\" width=\"300\" height=\"169\" srcset=\"https:\/\/www.gruppopdregionetoscana.it\/web\/wp-content\/uploads\/2026\/03\/bezzini-e-il-ruolo-di-capogruppo-pd-un-onore-e-una-responsabilita-300x169.webp 300w, https:\/\/www.gruppopdregionetoscana.it\/web\/wp-content\/uploads\/2026\/03\/bezzini-e-il-ruolo-di-capogruppo-pd-un-onore-e-una-responsabilita-1024x576.webp 1024w, https:\/\/www.gruppopdregionetoscana.it\/web\/wp-content\/uploads\/2026\/03\/bezzini-e-il-ruolo-di-capogruppo-pd-un-onore-e-una-responsabilita.webp 1280w\" sizes=\"auto, (max-width: 300px) 100vw, 300px\" \/>\u201cPer contenere gli effetti della crisi energetica e l\u2019aumento dei costi che i principali fattori produttivi stanno determinando sull\u2019equilibrio economico delle imprese agricole servono misure compensative e risorse adeguate. Come rappresentanti delle istituzioni regionali condividiamo le preoccupazioni sollevate dal settore e raccogliamo, attraverso una mozione presentata dal Gruppo Pd di cui sono primo firmatario, le proposte avanzate dalla Confederazione Italiana Agricoltori e trasmesse all&#8217;Assemblea toscana con uno specifico Ordine del Giorno. In questa direzione, con la mozione si sollecita la Giunta ad attivarsi nei confronti del Governo e contestualmente in sede di Conferenza delle Regioni affinch\u00e9 vengano attivati con urgenza strumenti e risorse a sostegno dei comparti agricoli pi\u00f9 esposti e in sofferenza. Allo stesso tempo \u00e8 importante avviare su scala regionale percorsi di monitoraggio permanente per vigilare su eventuali fenomeni speculativi sia nella vendita dei carburanti agricoli sia lungo l\u2019intera filiera agroalimentare, cos\u00ec da evitare che la crisi diventi un pretesto per rincari ingiustificati a danno dei produttori e dei consumatori. Si chiede inoltre alla Giunta di attivarsi presso le istituzioni europee, anche attraverso il Comitato europeo delle Regioni, affinch\u00e9 vengano adottate politiche e misure di sostegno straordinarie per il settore agricolo, chiedendo formalmente che le risorse stanziate per fronteggiare l\u2019emergenza energetica siano considerate al di fuori dei vincoli del Patto di Stabilit\u00e0 e Crescita, garantendo la flessibilit\u00e0 necessaria per tutelare il sistema produttivo primario dell\u2019Unione\u201d. \u00c8 quanto dichiara\u00a0<b>Simone Bezzini<\/b>, capogruppo Pd in Consiglio regionale della Toscana, presentando la mozione \u201cin merito all\u2019attivazione di misure urgenti a sostegno del settore agricolo a fronte della crisi energetica e dell\u2019aumento dei costi di produzione derivanti dal conflitto in Medio Oriente\u201d.<\/div>\n<div>\u00a0<\/div>\n<div>&#8220;L\u2019imprenditore agricolo rappresenta oggi l\u2019anello pi\u00f9 vulnerabile dell\u2019intera filiera agroalimentare, schiacciato tra l\u2019aumento incontrollato dei costi di produzione e il rischio concreto di produrre in perdita, compromettendo la continuit\u00e0 aziendale e la resilienza del sistema rurale regionale &#8211; continua\u00a0<b>Bezzini\u00a0<\/b>&#8211;\u00a0 Una situazione che mette a rischio non solo il reddito di migliaia di imprese agricole, ma anche la sovranit\u00e0 alimentare del territorio e la tenuta sociale, economica e ambientale delle aree rurali. \u00c8 quindi evidente la necessit\u00e0 di intervenire subito con misure mirate e concrete.\u201d<\/div>\n","protected":false},"excerpt":{"rendered":"<p>\u201cPer contenere gli effetti della crisi energetica e l\u2019aumento dei costi che i principali fattori produttivi stanno determinando sull\u2019equilibrio economico delle imprese agricole servono misure compensative e risorse adeguate. Come rappresentanti delle istituzioni regionali condividiamo le preoccupazioni sollevate dal settore e raccogliamo, attraverso una mozione presentata dal Gruppo Pd di cui sono primo firmatario, le [&hellip;]<\/p>\n","protected":false},"author":41,"featured_media":23242,"comment_status":"closed","ping_status":"closed","sticky":false,"template":"","format":"standard","meta":{"_jetpack_memberships_contains_paid_content":false,"footnotes":""},"categories":[30,124,956],"tags":[],"class_list":{"0":"post-23241","1":"post","2":"type-post","3":"status-publish","4":"format-standard","5":"has-post-thumbnail","7":"category-comunicati-stampa","8":"category-propmozioni","9":"category-simone-bezzini","10":"czr-hentry"},"jetpack_featured_media_url":"https:\/\/www.gruppopdregionetoscana.it\/web\/wp-content\/uploads\/2026\/03\/IMMAGINI-PER-SITO-GRUPPO.png","jetpack_sharing_enabled":true,"_links":{"self":[{"href":"https:\/\/www.gruppopdregionetoscana.it\/web\/wp-json\/wp\/v2\/posts\/23241","targetHints":{"allow":["GET"]}}],"collection":[{"href":"https:\/\/www.gruppopdregionetoscana.it\/web\/wp-json\/wp\/v2\/posts"}],"about":[{"href":"https:\/\/www.gruppopdregionetoscana.it\/web\/wp-json\/wp\/v2\/types\/post"}],"author":[{"embeddable":true,"href":"https:\/\/www.gruppopdregionetoscana.it\/web\/wp-json\/wp\/v2\/users\/41"}],"replies":[{"embeddable":true,"href":"https:\/\/www.gruppopdregionetoscana.it\/web\/wp-json\/wp\/v2\/comments?post=23241"}],"version-history":[{"count":1,"href":"https:\/\/www.gruppopdregionetoscana.it\/web\/wp-json\/wp\/v2\/posts\/23241\/revisions"}],"predecessor-version":[{"id":23244,"href":"https:\/\/www.gruppopdregionetoscana.it\/web\/wp-json\/wp\/v2\/posts\/23241\/revisions\/23244"}],"wp:featuredmedia":[{"embeddable":true,"href":"https:\/\/www.gruppopdregionetoscana.it\/web\/wp-json\/wp\/v2\/media\/23242"}],"wp:attachment":[{"href":"https:\/\/www.gruppopdregionetoscana.it\/web\/wp-json\/wp\/v2\/media?parent=23241"}],"wp:term":[{"taxonomy":"category","embeddable":true,"href":"https:\/\/www.gruppopdregionetoscana.it\/web\/wp-json\/wp\/v2\/categories?post=23241"},{"taxonomy":"post_tag","embeddable":true,"href":"https:\/\/www.gruppopdregionetoscana.it\/web\/wp-json\/wp\/v2\/tags?post=23241"}],"curies":[{"name":"wp","href":"https:\/\/api.w.org\/{rel}","templated":true}]}}