{"id":4245,"date":"2013-07-10T17:38:38","date_gmt":"2013-07-10T15:38:38","guid":{"rendered":"http:\/\/www.gruppopdregionetoscana.it\/web\/?p=4245"},"modified":"2013-10-21T13:32:53","modified_gmt":"2013-10-21T11:32:53","slug":"proposta-di-legge-sullutilizzo-deifondi-per-i-gruppi-consiliari","status":"publish","type":"post","link":"https:\/\/www.gruppopdregionetoscana.it\/web\/proposta-di-legge-sullutilizzo-deifondi-per-i-gruppi-consiliari\/","title":{"rendered":"Proposta di legge Pd sui fondi per i gruppi consiliari"},"content":{"rendered":"<p><a href=\"http:\/\/www.gruppopdregionetoscana.it\/web\/wp-content\/uploads\/2013\/10\/Marco-Conf-stampa-Casa.jpg\"><img loading=\"lazy\" decoding=\"async\" class=\"size-medium wp-image-6260 alignleft\" alt=\"Marco Conf stampa Casa\" src=\"http:\/\/www.gruppopdregionetoscana.it\/web\/wp-content\/uploads\/2013\/10\/Marco-Conf-stampa-Casa-225x300.jpg\" width=\"225\" height=\"300\" srcset=\"https:\/\/www.gruppopdregionetoscana.it\/web\/wp-content\/uploads\/2013\/10\/Marco-Conf-stampa-Casa-225x300.jpg 225w, https:\/\/www.gruppopdregionetoscana.it\/web\/wp-content\/uploads\/2013\/10\/Marco-Conf-stampa-Casa.jpg 360w\" sizes=\"auto, (max-width: 225px) 100vw, 225px\" \/><\/a>\u201cL\u2019eventuale parte del contributo erogato non spesa nell\u2019anno di riferimento pu\u00f2 altres\u00ec essere destinata dal Gruppo ad incrementare specifici capitoli del bilancio regionale mediante mandato vincolato all\u2019Ufficio di Presidenza del Consiglio che assume le conseguenti determinazioni di legge\u201d.<\/p>\n<p>Un solo articolo per una modifica di legge che segner\u00e0 ancora un passo avanti nel programma di riduzione dei costi della politica in Toscana e, molto probabilmente, segner\u00e0 una strada di sobriet\u00e0 e di concretezza da indicare anche a tante altre assemblee elettive.<\/p>\n<p>Il gruppo consiliare del Partito Democratico in Regione ha presentato ufficialmente una proposta di legge regionale che punta a modificare la disciplina del finanziamento dei gruppi consiliari. Nello specifico, si introduce la previsione della facolt\u00e0 per i gruppi di destinare l\u2019eventuale avanzo di esercizio maturato sul proprio bilancio a precisi capitoli del bilancio regionale.<\/p>\n<p>\u00ab La normativa vigente \u2013 spiega il capogruppo Pd Marco Ruggeri, primo firmatario della proposta \u2013 consente solo il riporto dell\u2019avanzo di esercizio a quello successivo e non d\u00e0 la possibilit\u00e0 di riutilizzare queste risorse fino a fine legislatura. Noi pensiamo, invece, che sia utile introdurre la possibilit\u00e0 che un gruppo possa destinare l\u2019avanzo di esercizio, cio\u00e8 il saldo fra il contributo ricevuto in un dato anno con le spese sostenute in quel medesimo arco temporale, a sostenere capitoli del bilancio regionale. In questo modo, se la proposta, come auspichiamo, sar\u00e0 accolta, ogni gruppo consiliare potr\u00e0 deliberare la destinazione a capitoli specifici o a misure del bilancio della Regione, offrendo quindi a spese o investimenti per la collettivit\u00e0 la propria capacit\u00e0 di essere sobri e virtuosi, cio\u00e8 di risparmiare. C\u2019\u00e8 da aggiungere \u2013 prosegue Ruggeri \u2013 che noi non partiamo da zero e non abbiamo da fare nessuna rincorsa verso altri modelli: anche recentemente, con il pronunciamento della Corte dei Conti, tutti hanno avuto la conferma di quanto i gruppi consiliari della nostra Regione siano stati morigerati nell\u2019utilizzo dei fondi pubblici a loro destinati, fondi che, tra l\u2019altro, erano tra i pi\u00f9 bassi tra tutte le Regioni italiane gi\u00e0 prima della riforma Monti. L\u2019esperienza concreta e la volont\u00e0 di proseguire su questa strada ci dice che possiamo fare di pi\u00f9 e quindi l\u2019idea di finalizzare il risparmio dei finanziamenti a precisi capitoli di bilancio ci \u00e8 sembrato un modo concreto per accorciare la distanza che troppe volte esiste tra il dire e il fare. L\u2019obiettivo \u2013 conclude Ruggeri \u2013 \u00e8 rendere pi\u00f9 snella ed efficiente la gestione dei finanziamenti ai gruppi, secondo un principio di sana e buona amministrazione pienamente in linea con la tradizione toscana\u00bb.<\/p>\n<p><a href=\"http:\/\/www.gruppopdregionetoscana.it\/web\/wp-content\/uploads\/2013\/07\/pdlAvanzoGruppi.pdf\" target=\"_blank\">Il testo della proposta di legge<\/a><\/p>\n","protected":false},"excerpt":{"rendered":"<p>\u201cL\u2019eventuale parte del contributo erogato non spesa nell\u2019anno di riferimento pu\u00f2 altres\u00ec essere destinata dal Gruppo ad incrementare specifici capitoli del bilancio regionale mediante mandato vincolato all\u2019Ufficio di Presidenza del Consiglio che assume le conseguenti determinazioni di legge\u201d. Un solo articolo per una modifica di legge che segner\u00e0 ancora un passo avanti nel programma di [&hellip;]<\/p>\n","protected":false},"author":1,"featured_media":4248,"comment_status":"closed","ping_status":"closed","sticky":false,"template":"","format":"standard","meta":{"_jetpack_memberships_contains_paid_content":false,"footnotes":""},"categories":[30,1],"tags":[73,74,71,72,70,75,69],"class_list":{"0":"post-4245","1":"post","2":"type-post","3":"status-publish","4":"format-standard","5":"has-post-thumbnail","7":"category-comunicati-stampa","8":"category-proposte-di-legge","9":"tag-consiliari","10":"tag-costi","11":"tag-fondi","12":"tag-gruppi","13":"tag-legge","14":"tag-politica","15":"tag-proposta","16":"czr-hentry"},"jetpack_featured_media_url":"https:\/\/www.gruppopdregionetoscana.it\/web\/wp-content\/uploads\/2013\/07\/Ruggeri1.jpg","jetpack_sharing_enabled":true,"_links":{"self":[{"href":"https:\/\/www.gruppopdregionetoscana.it\/web\/wp-json\/wp\/v2\/posts\/4245","targetHints":{"allow":["GET"]}}],"collection":[{"href":"https:\/\/www.gruppopdregionetoscana.it\/web\/wp-json\/wp\/v2\/posts"}],"about":[{"href":"https:\/\/www.gruppopdregionetoscana.it\/web\/wp-json\/wp\/v2\/types\/post"}],"author":[{"embeddable":true,"href":"https:\/\/www.gruppopdregionetoscana.it\/web\/wp-json\/wp\/v2\/users\/1"}],"replies":[{"embeddable":true,"href":"https:\/\/www.gruppopdregionetoscana.it\/web\/wp-json\/wp\/v2\/comments?post=4245"}],"version-history":[{"count":0,"href":"https:\/\/www.gruppopdregionetoscana.it\/web\/wp-json\/wp\/v2\/posts\/4245\/revisions"}],"wp:featuredmedia":[{"embeddable":true,"href":"https:\/\/www.gruppopdregionetoscana.it\/web\/wp-json\/wp\/v2\/media\/4248"}],"wp:attachment":[{"href":"https:\/\/www.gruppopdregionetoscana.it\/web\/wp-json\/wp\/v2\/media?parent=4245"}],"wp:term":[{"taxonomy":"category","embeddable":true,"href":"https:\/\/www.gruppopdregionetoscana.it\/web\/wp-json\/wp\/v2\/categories?post=4245"},{"taxonomy":"post_tag","embeddable":true,"href":"https:\/\/www.gruppopdregionetoscana.it\/web\/wp-json\/wp\/v2\/tags?post=4245"}],"curies":[{"name":"wp","href":"https:\/\/api.w.org\/{rel}","templated":true}]}}