{"id":4523,"date":"2013-03-28T17:13:09","date_gmt":"2013-03-28T16:13:09","guid":{"rendered":"http:\/\/www.gruppopdregionetoscana.it\/web\/?p=4523"},"modified":"2013-09-24T13:50:42","modified_gmt":"2013-09-24T11:50:42","slug":"legge-elettorale-toscana-il-pd-chiama-gli-elettori-delle-primarie-a-discutere-tra-due-ipotesi","status":"publish","type":"post","link":"https:\/\/www.gruppopdregionetoscana.it\/web\/legge-elettorale-toscana-il-pd-chiama-gli-elettori-delle-primarie-a-discutere-tra-due-ipotesi\/","title":{"rendered":"Legge elettorale Toscana. Il Pd chiama gli elettori delle primarie a discutere tra due ipotesi"},"content":{"rendered":"<p>FIRENZE 28.03.2013 (sa.ca.)- Il Pd toscano chiama il popolo delle primarie a discutere tra due ipotesi di riforma della legge elettorale regionale. Gruppo consiliare e partito hanno formulato due orientamenti che verranno sottoposti ad assemblee pubbliche alle quali saranno invitati tutti gli elettori delle primarie di questi anni. Le due ipotesi in discussione, tra cui scegliere, saranno la reintroduzione delle preferenze oppure collegi uninominali. Le assemblee si terranno nel mese di maggio, l\u2019obiettivo \u00e8 arrivare con una proposta condivisa dalla base in vista del prossimo autunno, quando il Consiglio sar\u00e0 chiamato a votare la nuova legge.<\/p>\n<p>\u201cIn un momento particolare come quello che stiamo vivendo, sentiamo l\u2019esigenza di riagganciare il rapporto tra elettori ed eletti e la legge elettorale \u00e8 uno strumento fondamentale, in quanto tramite con cui i cittadini scelgono i propri rappresentanti. \u2013 spiega Marco Ruggeri capogruppo Pd in Consiglio regionale &#8211; In questa fase vogliamo portare fuori il dibattito dalle aule, aprirci alla pi\u00f9 ampia consultazione a partire dai tanti che hanno partecipato alle primarie. Successivamente, com\u2019\u00e8 ovvio, le proposte saranno discusse in Consiglio e vogliamo ci sia il massimo confronto con le altre forze politiche per arrivare a una soluzione condivisa: le regole del gioco dobbiamo provare a scriverle tutti insieme\u201d.<\/p>\n<p>\u201cQuello della legge elettorale \u00e8 uno dei nodi principali da sciogliere in Toscana. \u2013 afferma Andrea Manciulli, segretario Pd Toscana &#8211; Il popolo delle primarie \u00e8 stato chiamato, in tutti questi anni, a scegliere le persone. Ora per\u00f2 vogliamo inaugurare una modalit\u00e0 che coinvolga una platea cos\u00ec ampia anche su alcuni grandi temi. Iniziamo questo percorso partecipativo con la nuova legge elettorale: in questo modo vogliamo ridare slancio alla qualit\u00e0 della democrazia, sperimentando un nuovo metodo e consultando la base elettorale che si \u00e8 creata con le primarie\u201d.<\/p>\n<p>Alla conferenza stampa ha partecipato anche l\u2019Assessore regionale alla Presidenza Vittorio Bugli, e ex capogruppo Pd.<\/p>\n<p>\u201cLa Toscana si \u00e8 contraddistinta nel panorama nazionale con la diminuzione dei consiglieri regionali, da 55 a 40, risultato di una forte volont\u00e0 politica. Aldil\u00e0 della scelta finale e del metodo adottato la priorit\u00e0 \u00e8 recuperare il rapporto tra cittadini e elettori, che il Pd attraverso lo strumento delle primarie ha comunque in questi anni valorizzato; ancora una volta vogliamo far partecipare i cittadini non solo sui candidati ma anche sui contenuti\u201d, ha detto Bugli.<\/p>\n","protected":false},"excerpt":{"rendered":"<p>FIRENZE 28.03.2013 (sa.ca.)- Il Pd toscano chiama il popolo delle primarie a discutere tra due ipotesi di riforma della legge elettorale regionale. Gruppo consiliare e partito hanno formulato due orientamenti che verranno sottoposti ad assemblee pubbliche alle quali saranno invitati tutti gli elettori delle primarie di questi anni. Le due ipotesi in discussione, tra cui [&hellip;]<\/p>\n","protected":false},"author":1,"featured_media":0,"comment_status":"closed","ping_status":"closed","sticky":false,"template":"","format":"standard","meta":{"_jetpack_memberships_contains_paid_content":false,"footnotes":""},"categories":[30],"tags":[229,233,230,70,232,111,234,231,128,36],"class_list":{"0":"post-4523","1":"post","2":"type-post","3":"status-publish","4":"format-standard","6":"category-comunicati-stampa","7":"tag-bugli","8":"tag-circoli","9":"tag-elettorale","10":"tag-legge","11":"tag-maggioritario","12":"tag-pd","13":"tag-primarie","14":"tag-proporzionale","15":"tag-riforma","16":"tag-toscana","17":"czr-hentry"},"jetpack_featured_media_url":"","jetpack_sharing_enabled":true,"_links":{"self":[{"href":"https:\/\/www.gruppopdregionetoscana.it\/web\/wp-json\/wp\/v2\/posts\/4523","targetHints":{"allow":["GET"]}}],"collection":[{"href":"https:\/\/www.gruppopdregionetoscana.it\/web\/wp-json\/wp\/v2\/posts"}],"about":[{"href":"https:\/\/www.gruppopdregionetoscana.it\/web\/wp-json\/wp\/v2\/types\/post"}],"author":[{"embeddable":true,"href":"https:\/\/www.gruppopdregionetoscana.it\/web\/wp-json\/wp\/v2\/users\/1"}],"replies":[{"embeddable":true,"href":"https:\/\/www.gruppopdregionetoscana.it\/web\/wp-json\/wp\/v2\/comments?post=4523"}],"version-history":[{"count":0,"href":"https:\/\/www.gruppopdregionetoscana.it\/web\/wp-json\/wp\/v2\/posts\/4523\/revisions"}],"wp:attachment":[{"href":"https:\/\/www.gruppopdregionetoscana.it\/web\/wp-json\/wp\/v2\/media?parent=4523"}],"wp:term":[{"taxonomy":"category","embeddable":true,"href":"https:\/\/www.gruppopdregionetoscana.it\/web\/wp-json\/wp\/v2\/categories?post=4523"},{"taxonomy":"post_tag","embeddable":true,"href":"https:\/\/www.gruppopdregionetoscana.it\/web\/wp-json\/wp\/v2\/tags?post=4523"}],"curies":[{"name":"wp","href":"https:\/\/api.w.org\/{rel}","templated":true}]}}