{"id":4532,"date":"2013-03-18T17:32:37","date_gmt":"2013-03-18T16:32:37","guid":{"rendered":"http:\/\/www.gruppopdregionetoscana.it\/web\/?p=4532"},"modified":"2013-09-24T13:50:42","modified_gmt":"2013-09-24T11:50:42","slug":"rimpasto-di-giunta-ruggeri-pd-ce-tanto-su-cui-lavorare-basta-con-i-gossip-di-palazzo","status":"publish","type":"post","link":"https:\/\/www.gruppopdregionetoscana.it\/web\/rimpasto-di-giunta-ruggeri-pd-ce-tanto-su-cui-lavorare-basta-con-i-gossip-di-palazzo\/","title":{"rendered":"Rimpasto di giunta, Ruggeri (Pd): \u201cC\u2019\u00e8 tanto su cui lavorare, basta con i gossip di palazzo\u201d"},"content":{"rendered":"<p>FIRENZE \u2013 18-03-2013 (cl. ba.) \u201cE\u2019 l\u2019ora di finirla con polemiche che parlano solo in politichese, pensiamo invece a lavorare bene per cittadini. Siamo di fronte alla solita discussione sterile messa in piedi dall\u2019opposizione nei confronti del presidente della regione, Enrico Rossi che finora insieme alla sua giunta ha lavorato bene, in un tentativo instancabile di fronteggiare una crisi economica che non da respiro. Quello che ci ha guidato e che ancora oggi ci guida, \u00e8 la volont\u00e0 di mettere tutte le competenze che abbiamo al servizio di un progetto di cambiamento della Toscana. Ridurre tutto questo a manovre di palazzo mi pare impoverisca anche il ruolo di chi contesta.<\/p>\n<p>Stupisce vedere che i rappresentanti politici dell\u2019opposizione non colgono come il gesto di Rossi sia, da una parte, anche un riconoscimento nei confronti di due persone, quelle di Vittorio Bugli e Vincenzo Ceccarelli, che in questi anni hanno lavorato bene, e dall\u2019altra, una valorizzazione per il ruolo svolto dall\u2019assemblea regionale. Credo che in questa fase cos\u00ec difficile per la nostra regione e per tutto il Paese, occorre proseguire il lavoro gi\u00e0 iniziato nel migliore modo possibile, mettendo al servizio della Toscana una giunta rinnovata e motivata: le priorit\u00e0 sono le difficolt\u00e0 dei cittadini, siamo poco interessati, invece, ai falsi gossip di palazzo\u201d.<\/p>\n<p>&nbsp;<\/p>\n<p>Cos\u00ec Marco Ruggeri, capogruppo Pd in consiglio regionale, risponde agli esponenti dell\u2019opposizione in consiglio regionale in merito al rimpasto di giunta.<\/p>\n","protected":false},"excerpt":{"rendered":"<p>FIRENZE \u2013 18-03-2013 (cl. ba.) \u201cE\u2019 l\u2019ora di finirla con polemiche che parlano solo in politichese, pensiamo invece a lavorare bene per cittadini. Siamo di fronte alla solita discussione sterile messa in piedi dall\u2019opposizione nei confronti del presidente della regione, Enrico Rossi che finora insieme alla sua giunta ha lavorato bene, in un tentativo instancabile [&hellip;]<\/p>\n","protected":false},"author":1,"featured_media":0,"comment_status":"closed","ping_status":"closed","sticky":false,"template":"","format":"standard","meta":{"_jetpack_memberships_contains_paid_content":false,"footnotes":""},"categories":[30],"tags":[238,202,35,237,36],"class_list":{"0":"post-4532","1":"post","2":"type-post","3":"status-publish","4":"format-standard","6":"category-comunicati-stampa","7":"tag-assessore","8":"tag-giunta","9":"tag-regione","10":"tag-rimpasto","11":"tag-toscana","12":"czr-hentry"},"jetpack_featured_media_url":"","jetpack_sharing_enabled":true,"_links":{"self":[{"href":"https:\/\/www.gruppopdregionetoscana.it\/web\/wp-json\/wp\/v2\/posts\/4532","targetHints":{"allow":["GET"]}}],"collection":[{"href":"https:\/\/www.gruppopdregionetoscana.it\/web\/wp-json\/wp\/v2\/posts"}],"about":[{"href":"https:\/\/www.gruppopdregionetoscana.it\/web\/wp-json\/wp\/v2\/types\/post"}],"author":[{"embeddable":true,"href":"https:\/\/www.gruppopdregionetoscana.it\/web\/wp-json\/wp\/v2\/users\/1"}],"replies":[{"embeddable":true,"href":"https:\/\/www.gruppopdregionetoscana.it\/web\/wp-json\/wp\/v2\/comments?post=4532"}],"version-history":[{"count":0,"href":"https:\/\/www.gruppopdregionetoscana.it\/web\/wp-json\/wp\/v2\/posts\/4532\/revisions"}],"wp:attachment":[{"href":"https:\/\/www.gruppopdregionetoscana.it\/web\/wp-json\/wp\/v2\/media?parent=4532"}],"wp:term":[{"taxonomy":"category","embeddable":true,"href":"https:\/\/www.gruppopdregionetoscana.it\/web\/wp-json\/wp\/v2\/categories?post=4532"},{"taxonomy":"post_tag","embeddable":true,"href":"https:\/\/www.gruppopdregionetoscana.it\/web\/wp-json\/wp\/v2\/tags?post=4532"}],"curies":[{"name":"wp","href":"https:\/\/api.w.org\/{rel}","templated":true}]}}