{"id":4570,"date":"2013-01-09T13:21:49","date_gmt":"2013-01-09T12:21:49","guid":{"rendered":"http:\/\/www.gruppopdregionetoscana.it\/web\/?p=4570"},"modified":"2013-09-24T15:36:28","modified_gmt":"2013-09-24T13:36:28","slug":"carceri-una-seduta-straordinaria-del-consiglio-regionale","status":"publish","type":"post","link":"https:\/\/www.gruppopdregionetoscana.it\/web\/carceri-una-seduta-straordinaria-del-consiglio-regionale\/","title":{"rendered":"Carceri, \u201cUna seduta straordinaria del Consiglio regionale\u201d"},"content":{"rendered":"<p>FIRENZE 09.01.2013 (c.b.) Una seduta straordinaria del Consiglio regionale interamente dedicata alla situazione delle carceri in Toscana. La richiesta \u00e8 stata depositata ieri \u2013 primo firmatario <strong>Enzo Brogi<\/strong> &#8211;\u00a0 e reca le firme di diciotto consiglieri del Pd, tra cui il presidente della Regione <strong>Enrico Rossi<\/strong>, il capogruppo <strong>Vittorio Bugli <\/strong>e il segretario toscano, <strong>Andrea Manciulli.<\/strong><br \/>\nGli altri sottoscrittori sono <strong>Caterina Bini, Vincenzo Ceccarelli, Nicola Danti, Ivan Ferrucci, Eugenio Giani, Daniela Lastri, Lucia Matergi, Ardelio Pellegrinotti, Rosanna Pugnalini, Marco Ruggeri, Marco Spinelli, Pierpaolo Tognocchi, Matteo Tortolini <\/strong>e <strong>Gianfranco Venturi<\/strong>.<br \/>\nTema specifico della riunione, quindi, sar\u00e0 \u201cL\u2019emergenza regionale conseguente all\u2019eccessivo sovraffollamento egli istituti penitenziari\u201d e intende dare seguito alla precedente seduta dello scorso settembre che gi\u00e0 delineava \u201cuna situazione grave e di emergenza dove precise scelte legislative hanno trasformato i penitenziari in luoghi di contenzione, invece che di rieducazione, contrariamente a quanto previsto dalla Costituzione\u201d.<br \/>\n\u00abOramai parlare di emergenza carceri \u2013 spiega <strong>Enzo Brogi<\/strong> \u2013 \u00e8 dire poco: la recentissima condanna della Corte di Strasburgo che parla di \u201ctrattamento disumano e degradante\u201d per i detenuti delle carceri italiane ci dice che i problemi si sono acuiti e che non \u00e8 possibile stare a guardare passivamente. Siamo consapevoli \u2013 continua Brogi \u2013 che le risposte principali spettano al parlamento, che purtroppo non \u00e8 riuscito a produrre nulla di concreto prima dello scioglimento delle Camere, sicuramente per paure elettoralistiche. In Toscana, per\u00f2, abbiamo una tradizione di civilt\u00e0 e di grande sensibilit\u00e0 al tema della condizione carceraria e crediamo debba servire da pungolo nei confronti di coloro che dovranno dare risposte urgenti, principalmente sul piano della riforma legislativa delle misure alternative alla detenzione. Crediamo \u2013 conclude Brogi \u2013 di poter offrire un contributo non limitato alla denuncia, ma anche di idee e proposte che scaturiscono da una conoscenza diretta del problema che alcuni di noi hanno avuto modo di assumere grazie alle visite negli istituti toscani svolte a pi\u00f9 riprese\u00bb.<\/p>\n","protected":false},"excerpt":{"rendered":"<p>FIRENZE 09.01.2013 (c.b.) Una seduta straordinaria del Consiglio regionale interamente dedicata alla situazione delle carceri in Toscana. La richiesta \u00e8 stata depositata ieri \u2013 primo firmatario Enzo Brogi &#8211;\u00a0 e reca le firme di diciotto consiglieri del Pd, tra cui il presidente della Regione Enrico Rossi, il capogruppo Vittorio Bugli e il segretario toscano, Andrea [&hellip;]<\/p>\n","protected":false},"author":1,"featured_media":0,"comment_status":"closed","ping_status":"closed","sticky":false,"template":"","format":"standard","meta":{"_jetpack_memberships_contains_paid_content":false,"footnotes":""},"categories":[30],"tags":[184,254,66,36],"class_list":{"0":"post-4570","1":"post","2":"type-post","3":"status-publish","4":"format-standard","6":"category-comunicati-stampa","7":"tag-carcere","8":"tag-consiglio-regionale","9":"tag-emergenza","10":"tag-toscana","11":"czr-hentry"},"jetpack_featured_media_url":"","jetpack_sharing_enabled":true,"_links":{"self":[{"href":"https:\/\/www.gruppopdregionetoscana.it\/web\/wp-json\/wp\/v2\/posts\/4570","targetHints":{"allow":["GET"]}}],"collection":[{"href":"https:\/\/www.gruppopdregionetoscana.it\/web\/wp-json\/wp\/v2\/posts"}],"about":[{"href":"https:\/\/www.gruppopdregionetoscana.it\/web\/wp-json\/wp\/v2\/types\/post"}],"author":[{"embeddable":true,"href":"https:\/\/www.gruppopdregionetoscana.it\/web\/wp-json\/wp\/v2\/users\/1"}],"replies":[{"embeddable":true,"href":"https:\/\/www.gruppopdregionetoscana.it\/web\/wp-json\/wp\/v2\/comments?post=4570"}],"version-history":[{"count":0,"href":"https:\/\/www.gruppopdregionetoscana.it\/web\/wp-json\/wp\/v2\/posts\/4570\/revisions"}],"wp:attachment":[{"href":"https:\/\/www.gruppopdregionetoscana.it\/web\/wp-json\/wp\/v2\/media?parent=4570"}],"wp:term":[{"taxonomy":"category","embeddable":true,"href":"https:\/\/www.gruppopdregionetoscana.it\/web\/wp-json\/wp\/v2\/categories?post=4570"},{"taxonomy":"post_tag","embeddable":true,"href":"https:\/\/www.gruppopdregionetoscana.it\/web\/wp-json\/wp\/v2\/tags?post=4570"}],"curies":[{"name":"wp","href":"https:\/\/api.w.org\/{rel}","templated":true}]}}