{"id":4572,"date":"2013-01-08T13:23:38","date_gmt":"2013-01-08T12:23:38","guid":{"rendered":"http:\/\/www.gruppopdregionetoscana.it\/web\/?p=4572"},"modified":"2013-09-24T15:37:52","modified_gmt":"2013-09-24T13:37:52","slug":"sfiducia-a-rossi-bugli-pd-atto-che-svilisce-il-consiglio-basato-su-motivi-inconsistenti","status":"publish","type":"post","link":"https:\/\/www.gruppopdregionetoscana.it\/web\/sfiducia-a-rossi-bugli-pd-atto-che-svilisce-il-consiglio-basato-su-motivi-inconsistenti\/","title":{"rendered":"Sfiducia a Rossi, Bugli (Pd): \u201cAtto che svilisce il Consiglio, basato su motivi inconsistenti\u201d"},"content":{"rendered":"<p>\u201cUn atto grave, mai compiuto finora, che svilisce il Consiglio e ferisce rapporti istituzionali e si basa su motivazioni inconsistenti, se non di strumentalizzazione politica:\u00a0 ci si nasconde dietro un\u2019iniziativa legittimata dallo Statuto, per fare un attacco mirato al presidente Rossi e tentare di insinuare nei cittadini toscani che la necessit\u00e0 di una riorganizzazione del sistema sanitario \u00e8 dettata non dalla reale e oggettiva difficolt\u00e0 della situazione, dovuta ai continui tagli da parte del governo, ma piuttosto dal buco della Asl di Massa. Senza considerare che questo stesso buco, nella gestione successiva a quella in cui si \u00e8 verificato risulta pareggiato grazie all\u2019uso di risorse derivate da gestioni oculate degli anni precedenti\u201d.<br \/>\nCos\u00ec il presidente del gruppo Pd in Consiglio Regionale <strong>Vittorio Bugli<\/strong> in merito alla mozione di sfiducia al presidente Enrico Rossi, presentata dall\u2019opposizione e respinta nella seduta odierna.<br \/>\n\u201cOvviamente \u00e8 giusto che l\u2019inchiesta penale vada avanti, anche perch\u00e9 deriva da una denuncia avanzata dallo stesso Rossi, e che siano individuati i responsabili. Ma tutti i dati e e gli studi, nonch\u00e9 il riconoscimento dei cittadini, dicono che il nostro \u00e8 un sistema di eccellenza, che\u00a0 si \u00e8 distinto per un ottimale rapporto tra qualit\u00e0 del servizio erogato e equilibrio di bilancio: certo tutto si pu\u00f2 migliorare ma a strumentalizzare la sanit\u00e0 toscana per motivi politici noi non ci stiamo. Comprendiamo le difficolt\u00e0 in cui versa il Pdl, ma non possono pensare di ributtarle su Rossi e sulla sua maggioranza \u201d, conclude Bugli.<\/p>\n","protected":false},"excerpt":{"rendered":"<p>\u201cUn atto grave, mai compiuto finora, che svilisce il Consiglio e ferisce rapporti istituzionali e si basa su motivazioni inconsistenti, se non di strumentalizzazione politica:\u00a0 ci si nasconde dietro un\u2019iniziativa legittimata dallo Statuto, per fare un attacco mirato al presidente Rossi e tentare di insinuare nei cittadini toscani che la necessit\u00e0 di una riorganizzazione del [&hellip;]<\/p>\n","protected":false},"author":1,"featured_media":0,"comment_status":"closed","ping_status":"closed","sticky":false,"template":"","format":"standard","meta":{"_jetpack_memberships_contains_paid_content":false,"footnotes":""},"categories":[30],"tags":[254,156,255,36],"class_list":{"0":"post-4572","1":"post","2":"type-post","3":"status-publish","4":"format-standard","6":"category-comunicati-stampa","7":"tag-consiglio-regionale","8":"tag-enrico-rossi","9":"tag-sfiducia","10":"tag-toscana","11":"czr-hentry"},"jetpack_featured_media_url":"","jetpack_sharing_enabled":true,"_links":{"self":[{"href":"https:\/\/www.gruppopdregionetoscana.it\/web\/wp-json\/wp\/v2\/posts\/4572","targetHints":{"allow":["GET"]}}],"collection":[{"href":"https:\/\/www.gruppopdregionetoscana.it\/web\/wp-json\/wp\/v2\/posts"}],"about":[{"href":"https:\/\/www.gruppopdregionetoscana.it\/web\/wp-json\/wp\/v2\/types\/post"}],"author":[{"embeddable":true,"href":"https:\/\/www.gruppopdregionetoscana.it\/web\/wp-json\/wp\/v2\/users\/1"}],"replies":[{"embeddable":true,"href":"https:\/\/www.gruppopdregionetoscana.it\/web\/wp-json\/wp\/v2\/comments?post=4572"}],"version-history":[{"count":0,"href":"https:\/\/www.gruppopdregionetoscana.it\/web\/wp-json\/wp\/v2\/posts\/4572\/revisions"}],"wp:attachment":[{"href":"https:\/\/www.gruppopdregionetoscana.it\/web\/wp-json\/wp\/v2\/media?parent=4572"}],"wp:term":[{"taxonomy":"category","embeddable":true,"href":"https:\/\/www.gruppopdregionetoscana.it\/web\/wp-json\/wp\/v2\/categories?post=4572"},{"taxonomy":"post_tag","embeddable":true,"href":"https:\/\/www.gruppopdregionetoscana.it\/web\/wp-json\/wp\/v2\/tags?post=4572"}],"curies":[{"name":"wp","href":"https:\/\/api.w.org\/{rel}","templated":true}]}}