{"id":4581,"date":"2012-12-12T17:12:07","date_gmt":"2012-12-12T16:12:07","guid":{"rendered":"http:\/\/www.gruppopdregionetoscana.it\/web\/?p=4581"},"modified":"2013-09-24T15:29:18","modified_gmt":"2013-09-24T13:29:18","slug":"agricoltura-e-terreni-incolti-un-emendamento-di-rossetti-pd-puo-salvarli-dallabbandono-approvato-in-commissione-nellambito-della-legge-terre-regionali-toscane","status":"publish","type":"post","link":"https:\/\/www.gruppopdregionetoscana.it\/web\/agricoltura-e-terreni-incolti-un-emendamento-di-rossetti-pd-puo-salvarli-dallabbandono-approvato-in-commissione-nellambito-della-legge-terre-regionali-toscane\/","title":{"rendered":"Agricoltura e terreni incolti: un emendamento di Rossetti (Pd) pu\u00f2 salvarli dall\u2019abbandono. Approvato in commissione, nell\u2019ambito della legge \u201cTerre regionali toscane\u201d"},"content":{"rendered":"<p>FIRENZE 12.12.12 (c.b.) Pi\u00f9 opportunit\u00e0 di reddito nelle aree rurali, ma anche pi\u00f9 salvaguardia e tutela contro il dissesto idrogeologico e le calamit\u00e0 naturali. Ecco la previsione normativa di un utilizzo \u201cvirtuoso\u201d, cio\u00e8 concessione a privati dietro pagamento di un canone, dei terreni agricoli incolti, resi disponibili con specifiche modalit\u00e0, la cui messa a regime costituisca necessit\u00e0 per la sicurezza idraulica e idrogeologica del territorio. Tutto ci\u00f2 sar\u00e0 possibile grazie a un emendamento alla nuova legge che trasforma l\u2019Azienda agricola di Alberese nell\u2019ente \u201cTerre regionali toscane\u201d, approvato oggi in commissione agricoltura, e presentato dal suo presidente, il consigliere Pd Loris Rossetti.<\/p>\n<p>\u201cDa tempo sto lavorano su questa importante questione \u2013 ha spiegato Rossetti \u2013 in stretto contatto con sindaci e amministratori anche del territorio provinciale di Massa Carrara, dove il problema \u00e8 molto sentito. E\u2019 un aspetto anche delicato, che investe la sicurezza del territorio, poich\u00e9 \u00e8 noto che la cattiva gestione, l\u2019incuria e la mancata manutenzione aggravano i problemi ai quali siamo ormai abituati dopo ogni ondata di maltempo\u201d.<\/p>\n<p>Secondo l\u2019emendamento approvato in commissione \u201cSi considerano abbandonati o incolti: a) i terreni agricoli che non siano stati destinati a uso produttivo da almeno tre anni; b) i terreni boscati catastalmente individuati come pascoli, prati o seminativi che non siano stati oggetto di attivit\u00e0 selvicolturali da almeno dieci anni; c) i terreni montani rimboschiti artificialmente sui quali non siano stati attuati interventi colturali di sfollo o di diradamento da almeno dieci anni.<\/p>\n<p>Saranno i comuni, poi, ad essere chiamati ad effettuare un apposito censimento dei terreni abbandonati o incolti e a trasmetterlo alla \u201cBanca della terra\u201d, nuovo ente regionale che comprende anche l\u2019inventario di terreni e aziende agricole di propriet\u00e0 pubblica e privata disponibili per il mercato.<\/p>\n","protected":false},"excerpt":{"rendered":"<p>FIRENZE 12.12.12 (c.b.) Pi\u00f9 opportunit\u00e0 di reddito nelle aree rurali, ma anche pi\u00f9 salvaguardia e tutela contro il dissesto idrogeologico e le calamit\u00e0 naturali. Ecco la previsione normativa di un utilizzo \u201cvirtuoso\u201d, cio\u00e8 concessione a privati dietro pagamento di un canone, dei terreni agricoli incolti, resi disponibili con specifiche modalit\u00e0, la cui messa a regime [&hellip;]<\/p>\n","protected":false},"author":1,"featured_media":0,"comment_status":"closed","ping_status":"closed","sticky":false,"template":"","format":"standard","meta":{"_jetpack_memberships_contains_paid_content":false,"footnotes":""},"categories":[30],"tags":[42,259,258,70,65,257],"class_list":{"0":"post-4581","1":"post","2":"type-post","3":"status-publish","4":"format-standard","6":"category-comunicati-stampa","7":"tag-agricoltura","8":"tag-alberese","9":"tag-incolti","10":"tag-legge","11":"tag-regionale","12":"tag-terreni","13":"czr-hentry"},"jetpack_featured_media_url":"","jetpack_sharing_enabled":true,"_links":{"self":[{"href":"https:\/\/www.gruppopdregionetoscana.it\/web\/wp-json\/wp\/v2\/posts\/4581","targetHints":{"allow":["GET"]}}],"collection":[{"href":"https:\/\/www.gruppopdregionetoscana.it\/web\/wp-json\/wp\/v2\/posts"}],"about":[{"href":"https:\/\/www.gruppopdregionetoscana.it\/web\/wp-json\/wp\/v2\/types\/post"}],"author":[{"embeddable":true,"href":"https:\/\/www.gruppopdregionetoscana.it\/web\/wp-json\/wp\/v2\/users\/1"}],"replies":[{"embeddable":true,"href":"https:\/\/www.gruppopdregionetoscana.it\/web\/wp-json\/wp\/v2\/comments?post=4581"}],"version-history":[{"count":0,"href":"https:\/\/www.gruppopdregionetoscana.it\/web\/wp-json\/wp\/v2\/posts\/4581\/revisions"}],"wp:attachment":[{"href":"https:\/\/www.gruppopdregionetoscana.it\/web\/wp-json\/wp\/v2\/media?parent=4581"}],"wp:term":[{"taxonomy":"category","embeddable":true,"href":"https:\/\/www.gruppopdregionetoscana.it\/web\/wp-json\/wp\/v2\/categories?post=4581"},{"taxonomy":"post_tag","embeddable":true,"href":"https:\/\/www.gruppopdregionetoscana.it\/web\/wp-json\/wp\/v2\/tags?post=4581"}],"curies":[{"name":"wp","href":"https:\/\/api.w.org\/{rel}","templated":true}]}}