{"id":4584,"date":"2012-12-05T17:17:01","date_gmt":"2012-12-05T16:17:01","guid":{"rendered":"http:\/\/www.gruppopdregionetoscana.it\/web\/?p=4584"},"modified":"2013-07-22T17:38:48","modified_gmt":"2013-07-22T15:38:48","slug":"sottotitoli-per-i-non-udenti-approvata-allunanimita-mozione-pd","status":"publish","type":"post","link":"https:\/\/www.gruppopdregionetoscana.it\/web\/sottotitoli-per-i-non-udenti-approvata-allunanimita-mozione-pd\/","title":{"rendered":"Sottotitoli per i non-udenti, approvata all\u2019unanimit\u00e0 mozione Pd"},"content":{"rendered":"<p>Bugli: \u201cUn\u2019agevolazione necessaria per una societ\u00e0 a misura di persona\u201d<\/p>\n<p>Incentivare l\u2019uso dei sottotitoli nella programmazione televisiva di emittenti nazionali e locali, in cinema e teatri, nonch\u00e9 in manifestazioni pubbliche di rilievo. \u00c8 quanto chiede una mozione presentata dal capogruppo Pd Regione Toscana Vittorio Bugli e approvata all\u2019unanimit\u00e0 nella seduta odierna del consiglio. \u201cC\u2019\u00e8 bisogno di riportare l\u2019attenzione su questo tema: i sottotitoli rappresentano uno strumento per abbattere le barriere della comunicazione che tuttora esistono tra i non udenti e il resto della societ\u00e0 e eliminare ogni discriminazione nei confronti di persone affette da questo tipo di disabilit\u00e0.- spiega Bugli &#8211; La televisione oltretutto rappresenta ormai il luogo della comunicazione per eccellenza, quasi in ogni abitazione risulta installato un apparecchio ma finora il tetto del 70% di programmazione sottotitolata, previsto dal Contratto nazionale di servizio tra Ministero dello sviluppo economico e Rai sembrerebbe non ancora raggiunto mentre una percentuale inferiore al 60% caratterizzerebbe la programmazione Mediaset; questo a differenza di altri paesi, dove la sottotitolazione \u00e8 una pratica ormai diffusa, come nel caso degli Stati Uniti, dove \u00e8 presente nella totalit\u00e0 della programmazione. I sottotitoli risulterebbero inoltre utili anche per tutte le persone anziane con facolt\u00e0 uditive ridotte a causa dell\u2019et\u00e0, nonch\u00e9 stranieri qui residenti che per\u00f2 non conoscono ancora a sufficienza la nostra lingua. Proprio per il loro potenziale di inclusione sociale \u00e8 opportuno anche adoperarsi per l\u2019utilizzo di questa misura nella programmazione di sale cinematografiche e teatri o in manifestazioni pubbliche, soprattutto ove ci sia la partecipazione diretta della Regione. Ritengo infine che favorire la diffusione di questo strumento sia perfettamente in linea con lo Statuto della nostra Regione che tra le principali finalit\u00e0 sancisce proprio il diritto di persone anziane e con disabilit\u00e0 a interventi che ne garantiscano la vita indipendente e la cittadinanza attiva e con il nostro sistema sanitario che gi\u00e0 prevede agevolazioni per persone affette da disabilit\u00e0 uditive: \u00e8 nostro compito cercare costantemente strumenti necessari per una societ\u00e0 sempre pi\u00f9 a misura di persona\u201d.<\/p>\n<p>In allegato il testo della mozione.<\/p>\n","protected":false},"excerpt":{"rendered":"<p>Bugli: \u201cUn\u2019agevolazione necessaria per una societ\u00e0 a misura di persona\u201d Incentivare l\u2019uso dei sottotitoli nella programmazione televisiva di emittenti nazionali e locali, in cinema e teatri, nonch\u00e9 in manifestazioni pubbliche di rilievo. \u00c8 quanto chiede una mozione presentata dal capogruppo Pd Regione Toscana Vittorio Bugli e approvata all\u2019unanimit\u00e0 nella seduta odierna del consiglio. \u201cC\u2019\u00e8 bisogno [&hellip;]<\/p>\n","protected":false},"author":1,"featured_media":0,"comment_status":"closed","ping_status":"closed","sticky":false,"template":"","format":"standard","meta":{"_jetpack_memberships_contains_paid_content":false,"footnotes":""},"categories":[30],"tags":[61,81,261,111,260,36],"class_list":{"0":"post-4584","1":"post","2":"type-post","3":"status-publish","4":"format-standard","6":"category-comunicati-stampa","7":"tag-consiglio","8":"tag-mozione","9":"tag-non-udenti","10":"tag-pd","11":"tag-sottotitoli","12":"tag-toscana","13":"czr-hentry"},"jetpack_featured_media_url":"","jetpack_sharing_enabled":true,"_links":{"self":[{"href":"https:\/\/www.gruppopdregionetoscana.it\/web\/wp-json\/wp\/v2\/posts\/4584","targetHints":{"allow":["GET"]}}],"collection":[{"href":"https:\/\/www.gruppopdregionetoscana.it\/web\/wp-json\/wp\/v2\/posts"}],"about":[{"href":"https:\/\/www.gruppopdregionetoscana.it\/web\/wp-json\/wp\/v2\/types\/post"}],"author":[{"embeddable":true,"href":"https:\/\/www.gruppopdregionetoscana.it\/web\/wp-json\/wp\/v2\/users\/1"}],"replies":[{"embeddable":true,"href":"https:\/\/www.gruppopdregionetoscana.it\/web\/wp-json\/wp\/v2\/comments?post=4584"}],"version-history":[{"count":0,"href":"https:\/\/www.gruppopdregionetoscana.it\/web\/wp-json\/wp\/v2\/posts\/4584\/revisions"}],"wp:attachment":[{"href":"https:\/\/www.gruppopdregionetoscana.it\/web\/wp-json\/wp\/v2\/media?parent=4584"}],"wp:term":[{"taxonomy":"category","embeddable":true,"href":"https:\/\/www.gruppopdregionetoscana.it\/web\/wp-json\/wp\/v2\/categories?post=4584"},{"taxonomy":"post_tag","embeddable":true,"href":"https:\/\/www.gruppopdregionetoscana.it\/web\/wp-json\/wp\/v2\/tags?post=4584"}],"curies":[{"name":"wp","href":"https:\/\/api.w.org\/{rel}","templated":true}]}}