{"id":4596,"date":"2012-12-05T17:54:38","date_gmt":"2012-12-05T16:54:38","guid":{"rendered":"http:\/\/www.gruppopdregionetoscana.it\/web\/?p=4596"},"modified":"2013-09-24T15:36:29","modified_gmt":"2013-09-24T13:36:29","slug":"emergenza-carceri-brogi-ruggeri-e-bugli-pd-ce-tanto-da-fare-torniamo-a-discuterne-in-consiglio","status":"publish","type":"post","link":"https:\/\/www.gruppopdregionetoscana.it\/web\/emergenza-carceri-brogi-ruggeri-e-bugli-pd-ce-tanto-da-fare-torniamo-a-discuterne-in-consiglio\/","title":{"rendered":"Emergenza carceri, Brogi, Ruggeri e Bugli (Pd): \u201cC\u2019\u00e8 tanto da fare. Torniamo a discuterne in consiglio\u201d"},"content":{"rendered":"<p>Il dibattito sul tema del sovraffollamento, della situazione sanitaria, della capacit\u00e0 rieducativa della pena &#8211; nel corso della seduta dell\u2019assemblea toscana di oggi. La richiesta degli esponenti Pd \u00e8 quella di una seduta straordinaria del consiglio regionale<\/p>\n<p>FIRENZE \u2013 (cl. ba.) \u201cDalle parole della nostra Costituzione che prevedono una pena prima di tutto rieducativa, nelle nostre carceri, ormai da anni, siamo passati a un fenomeno che invece assicura una pena e poi l\u2019emarginazione. Quella degli istituti penitenziari \u00e8 una situazione disastrosa che non possiamo pi\u00f9 tollerare\u201d, cos\u00ec Enzo Brogi consigliere regionale Pd, commenta l\u2019approvazione di due mozioni a proposito dell\u2019emergenza carceraria discusse oggi nella seduta dell\u2019assemblea toscana. \u201cTra le priorit\u00e0 c\u2019\u00e8 senz\u2019altro quella dell\u2019assistenza sanitaria \u2013 spiega Marco Ruggeri, vicecapogruppo e responsabile sanit\u00e0 del Pd toscano \u2013 un capitolo decisamente importante sul quale la nostra Regione, che dal 2008 ne ha la competenza nelle carceri, sta lavorando bene. Ma in ogni caso \u00e8 necessario che il livello della sanit\u00e0 all\u2019interno degli istituti arrivi ad essere al pari di quello che offriamo all\u2019esterno. Su questo aspetto di civilt\u00e0 dobbiamo cercare con forza di garantire gli stessi diritti per tutti\u201d.<\/p>\n<p>\u201cIn corrispondenza ad un numero di detenuti che aumenta, cala il numero del personale penitenziario, anche questo \u00e8 un dato che spesso porta a situazioni degenerative \u2013 spiega Vittorio Bugli, capogruppo Pd in consiglio regionale \u2013 Credo siano tanti gli aspetti sui quali la politica deve discutere e trovare soluzioni condivise a fronte di quella che senza ombra di dubbio si manifesta come una vera e propria emergenza, anche per questo abbiamo chiesto una seduta straordinaria dell\u2019assemblea toscana\u201d. \u201cLegato al discorso dell\u2019assistenza sanitaria c\u2019\u00e8 quello dell\u2019alto numero di tossicodipendenti \u2013 aggiunge Brogi \u2013 spesso ci troviamo di fronte a casi che non dovrebbero vivere la dura realt\u00e0 del carcere ma quella delle comunit\u00e0. La Toscana del Granduca Leopoldo e di Beccaria, non pu\u00f2 essere teatro di una situazione cos\u00ec incivile; troppe volte si vengono a creare dei veri e propri melting pot di culture diverse e disperazione che spesso sono causa di emarginazione sia dentro che fuori dal carcere. Anche il tempo vissuto dentro il carcere dovrebbe essere rieducativo e in un certo senso costruttivo, funzionare quindi da deterrente contro un ozio dannoso che rischia spesso di sfociare nella solitudine e nella disperazione\u201d.<\/p>\n","protected":false},"excerpt":{"rendered":"<p>Il dibattito sul tema del sovraffollamento, della situazione sanitaria, della capacit\u00e0 rieducativa della pena &#8211; nel corso della seduta dell\u2019assemblea toscana di oggi. La richiesta degli esponenti Pd \u00e8 quella di una seduta straordinaria del consiglio regionale FIRENZE \u2013 (cl. ba.) \u201cDalle parole della nostra Costituzione che prevedono una pena prima di tutto rieducativa, nelle [&hellip;]<\/p>\n","protected":false},"author":1,"featured_media":0,"comment_status":"closed","ping_status":"closed","sticky":false,"template":"","format":"standard","meta":{"_jetpack_memberships_contains_paid_content":false,"footnotes":""},"categories":[30],"tags":[268,66,101,269,36],"class_list":{"0":"post-4596","1":"post","2":"type-post","3":"status-publish","4":"format-standard","6":"category-comunicati-stampa","7":"tag-carceri","8":"tag-emergenza","9":"tag-sanita","10":"tag-sovraffollamento","11":"tag-toscana","12":"czr-hentry"},"jetpack_featured_media_url":"","jetpack_sharing_enabled":true,"_links":{"self":[{"href":"https:\/\/www.gruppopdregionetoscana.it\/web\/wp-json\/wp\/v2\/posts\/4596","targetHints":{"allow":["GET"]}}],"collection":[{"href":"https:\/\/www.gruppopdregionetoscana.it\/web\/wp-json\/wp\/v2\/posts"}],"about":[{"href":"https:\/\/www.gruppopdregionetoscana.it\/web\/wp-json\/wp\/v2\/types\/post"}],"author":[{"embeddable":true,"href":"https:\/\/www.gruppopdregionetoscana.it\/web\/wp-json\/wp\/v2\/users\/1"}],"replies":[{"embeddable":true,"href":"https:\/\/www.gruppopdregionetoscana.it\/web\/wp-json\/wp\/v2\/comments?post=4596"}],"version-history":[{"count":0,"href":"https:\/\/www.gruppopdregionetoscana.it\/web\/wp-json\/wp\/v2\/posts\/4596\/revisions"}],"wp:attachment":[{"href":"https:\/\/www.gruppopdregionetoscana.it\/web\/wp-json\/wp\/v2\/media?parent=4596"}],"wp:term":[{"taxonomy":"category","embeddable":true,"href":"https:\/\/www.gruppopdregionetoscana.it\/web\/wp-json\/wp\/v2\/categories?post=4596"},{"taxonomy":"post_tag","embeddable":true,"href":"https:\/\/www.gruppopdregionetoscana.it\/web\/wp-json\/wp\/v2\/tags?post=4596"}],"curies":[{"name":"wp","href":"https:\/\/api.w.org\/{rel}","templated":true}]}}