{"id":4759,"date":"2012-08-10T14:23:03","date_gmt":"2012-08-10T12:23:03","guid":{"rendered":"http:\/\/www.gruppopdregionetoscana.it\/web\/?p=4759"},"modified":"2013-09-24T15:29:18","modified_gmt":"2013-09-24T13:29:18","slug":"riordino-delle-autonomie-locali-perche-massa-carrara-non-e-rappresentata-nella-commissione","status":"publish","type":"post","link":"https:\/\/www.gruppopdregionetoscana.it\/web\/riordino-delle-autonomie-locali-perche-massa-carrara-non-e-rappresentata-nella-commissione\/","title":{"rendered":"Riordino delle autonomie locali. \u201cPerch\u00e9 Massa \u2013 Carrara non \u00e8 rappresentata nella commissione?\u201d"},"content":{"rendered":"<p>Loris Rossetti (Pd), Paolo Marini (Fds\/Verdi) e Jacopo Maria Ferri (Pdl) scrivono una lettera al presidente del Consiglio regionale, al presidente del Consiglio delle Autonomie locali e ai presidenti dei gruppi Pd; Fds-Verdi e Pdl. per chiedere una soluzione per la mancata rappresentativit\u00e0 della Lunigiana<\/p>\n<p>&nbsp;<\/p>\n<p>FIRENZE \u2013 10-8-2012 (cl. ba.) \u201cIl percorso che porter\u00e0 al riordino delle autonomie locali deve essere condiviso, ed \u00e8 per questo che tutti i territori devono avere rappresentativit\u00e0 all\u2019interno della commissione paritetica istituita dal consiglio regionale e dal consiglio delle autonomie locali (organo di rappresentanza di comuni, province e comunit\u00e0 montane). E allora perch\u00e9 Massa &#8211; Carrara non c\u2019\u00e8?\u201d. Cos\u00ec Loris Rossetti, consigliere regionale (Pd) e presidente della commissione agricoltura e sviluppo rurale, commenta la costituzione della commissione che sar\u00e0 tra i protagonisti nella progettazione del nuovo assetto istituzionale del territorio toscano. La \u201cviva preoccupazione\u201d in materia \u00e8 espressa da Rossetti &#8211; insieme a Paolo Marini (Fds\/Verdi) e Jacopo Maria Ferri (Pdl) &#8211; in una lettera indirizzata al presidente del Consiglio regionale, al presidente del Consiglio delle Autonomie locali e ai presidenti dei gruppi Pd, Fds-Verdi e Pdl. Un allarme, quello lanciato dai tre consiglieri della provincia di Massa Carrara, \u201cdettato anche dal fatto che la composizione della parte in rappresentanza del consiglio regionale non consente, al momento, di ovviare a questa mancanza. Pertanto chiediamo di valutare una soluzione per risolvere questa difficile situazione per il nostro territorio\u201d, che come il resto della regione sar\u00e0 comunque coinvolto dalla riorganizzazione delle autonomie locali prevista all\u2019interno della spending review.<\/p>\n","protected":false},"excerpt":{"rendered":"<p>Loris Rossetti (Pd), Paolo Marini (Fds\/Verdi) e Jacopo Maria Ferri (Pdl) scrivono una lettera al presidente del Consiglio regionale, al presidente del Consiglio delle Autonomie locali e ai presidenti dei gruppi Pd; Fds-Verdi e Pdl. per chiedere una soluzione per la mancata rappresentativit\u00e0 della Lunigiana &nbsp; FIRENZE \u2013 10-8-2012 (cl. ba.) \u201cIl percorso che porter\u00e0 [&hellip;]<\/p>\n","protected":false},"author":1,"featured_media":0,"comment_status":"closed","ping_status":"closed","sticky":false,"template":"","format":"standard","meta":{"_jetpack_memberships_contains_paid_content":false,"footnotes":""},"categories":[30],"tags":[338,254,271,111,36],"class_list":{"0":"post-4759","1":"post","2":"type-post","3":"status-publish","4":"format-standard","6":"category-comunicati-stampa","7":"tag-cal","8":"tag-consiglio-regionale","9":"tag-massa-carrara","10":"tag-pd","11":"tag-toscana","12":"czr-hentry"},"jetpack_featured_media_url":"","jetpack_sharing_enabled":true,"_links":{"self":[{"href":"https:\/\/www.gruppopdregionetoscana.it\/web\/wp-json\/wp\/v2\/posts\/4759","targetHints":{"allow":["GET"]}}],"collection":[{"href":"https:\/\/www.gruppopdregionetoscana.it\/web\/wp-json\/wp\/v2\/posts"}],"about":[{"href":"https:\/\/www.gruppopdregionetoscana.it\/web\/wp-json\/wp\/v2\/types\/post"}],"author":[{"embeddable":true,"href":"https:\/\/www.gruppopdregionetoscana.it\/web\/wp-json\/wp\/v2\/users\/1"}],"replies":[{"embeddable":true,"href":"https:\/\/www.gruppopdregionetoscana.it\/web\/wp-json\/wp\/v2\/comments?post=4759"}],"version-history":[{"count":0,"href":"https:\/\/www.gruppopdregionetoscana.it\/web\/wp-json\/wp\/v2\/posts\/4759\/revisions"}],"wp:attachment":[{"href":"https:\/\/www.gruppopdregionetoscana.it\/web\/wp-json\/wp\/v2\/media?parent=4759"}],"wp:term":[{"taxonomy":"category","embeddable":true,"href":"https:\/\/www.gruppopdregionetoscana.it\/web\/wp-json\/wp\/v2\/categories?post=4759"},{"taxonomy":"post_tag","embeddable":true,"href":"https:\/\/www.gruppopdregionetoscana.it\/web\/wp-json\/wp\/v2\/tags?post=4759"}],"curies":[{"name":"wp","href":"https:\/\/api.w.org\/{rel}","templated":true}]}}