{"id":4764,"date":"2012-08-09T14:37:04","date_gmt":"2012-08-09T12:37:04","guid":{"rendered":"http:\/\/www.gruppopdregionetoscana.it\/web\/?p=4764"},"modified":"2013-10-07T10:20:39","modified_gmt":"2013-10-07T08:20:39","slug":"firenze-citta-metropolitana-giani-pd-unopportunita-per-i-comuni-vicini","status":"publish","type":"post","link":"https:\/\/www.gruppopdregionetoscana.it\/web\/firenze-citta-metropolitana-giani-pd-unopportunita-per-i-comuni-vicini\/","title":{"rendered":"Firenze citt\u00e0 metropolitana &#8211; Giani (Pd): &#8220;Un&#8217;opportunit\u00e0 per i Comuni vicini&#8221;"},"content":{"rendered":"<h2><\/h2>\n<p>FIRENZE \u2013 9-8-2012 \u2013 (cl. ba.) Con l\u2019approvazione della spending review parte anche il \u201criordino\u201d delle autonomie locali, cos\u00ec il capoluogo toscano si prepara a diventare una delle dieci citt\u00e0 metropolitane del territorio nazionale. \u201cSfruttiamo questa opportunit\u00e0 per realizzare al meglio la citt\u00e0 metropolitana di Firenze\u201d, commenta Eugenio Giani, consigliere regionale Pd. \u201cIn questo percorso dobbiamo evitare di allontanarci dai parametri dati dalla legge. E\u2019 inutile inseguire l\u2019ipotesi, pi\u00f9 volte paventata, di una citt\u00e0 tra Firenze, Prato e Pistoia perch\u00e9 il nuovo testo \u00e8 chiarissimo e infatti spiega che la citt\u00e0 metropolitana sar\u00e0 un ente sostitutivo dell\u2019attuale Provincia di Firenze, alla quale potranno far parte alcuni Comuni contigui che esprimeranno volont\u00e0 in tal senso\u201d. Proprio su quest\u2019ultimo aspetto, Giani ha sottolineato che la normativa rappresenta \u201cun\u2019opportunit\u00e0 per territori che vorranno costituire la citt\u00e0 metropolitana\u201d. Ci sono infatti settanta giorni di tempo per progettare il nuovo assetto territoriale, dopodich\u00e9 spetter\u00e0 alla Regione esprimersi e infine il testo torner\u00e0 al governo: \u201cQuello che abbiamo davanti \u00e8 un periodo di tempo che credo sia giusto sfruttare al massimo dando spazio a riflessioni libere e aperte \u2013 continua Giani &#8211; Alcuni Comuni sono infatti legati a Firenze territorialmente e storicamente come i territori di Poggio a Caiano e Carmignano (attualmente nella provincia di Prato), S. Miniato e Montopoli (Pisa), Poggibonsi (Siena), e ancora, \u00e8 il caso di San Giovanni Valdarno, \u2018terra nuova\u201d fiorentina, Terranuova Bracciolini, Montevarchi e Pian di Sco\u2019 che fanno parte della provincia di Arezzo, ma che potrebbero tornare nel territorio originario, quello di Firenze\u201d.<\/p>\n","protected":false},"excerpt":{"rendered":"<p>FIRENZE \u2013 9-8-2012 \u2013 (cl. ba.) Con l\u2019approvazione della spending review parte anche il \u201criordino\u201d delle autonomie locali, cos\u00ec il capoluogo toscano si prepara a diventare una delle dieci citt\u00e0 metropolitane del territorio nazionale. \u201cSfruttiamo questa opportunit\u00e0 per realizzare al meglio la citt\u00e0 metropolitana di Firenze\u201d, commenta Eugenio Giani, consigliere regionale Pd. \u201cIn questo percorso [&hellip;]<\/p>\n","protected":false},"author":1,"featured_media":4765,"comment_status":"closed","ping_status":"closed","sticky":false,"template":"","format":"standard","meta":{"_jetpack_memberships_contains_paid_content":false,"footnotes":""},"categories":[30,651],"tags":[343,167,43,299,35,128,36],"class_list":{"0":"post-4764","1":"post","2":"type-post","3":"status-publish","4":"format-standard","5":"has-post-thumbnail","7":"category-comunicati-stampa","8":"category-notizie-eugenio-giani","9":"tag-citta-metropolitano","10":"tag-eugenio-giani","11":"tag-firenze","12":"tag-province","13":"tag-regione","14":"tag-riforma","15":"tag-toscana","16":"czr-hentry"},"jetpack_featured_media_url":"https:\/\/www.gruppopdregionetoscana.it\/web\/wp-content\/uploads\/2013\/08\/Firenze.jpg","jetpack_sharing_enabled":true,"_links":{"self":[{"href":"https:\/\/www.gruppopdregionetoscana.it\/web\/wp-json\/wp\/v2\/posts\/4764","targetHints":{"allow":["GET"]}}],"collection":[{"href":"https:\/\/www.gruppopdregionetoscana.it\/web\/wp-json\/wp\/v2\/posts"}],"about":[{"href":"https:\/\/www.gruppopdregionetoscana.it\/web\/wp-json\/wp\/v2\/types\/post"}],"author":[{"embeddable":true,"href":"https:\/\/www.gruppopdregionetoscana.it\/web\/wp-json\/wp\/v2\/users\/1"}],"replies":[{"embeddable":true,"href":"https:\/\/www.gruppopdregionetoscana.it\/web\/wp-json\/wp\/v2\/comments?post=4764"}],"version-history":[{"count":0,"href":"https:\/\/www.gruppopdregionetoscana.it\/web\/wp-json\/wp\/v2\/posts\/4764\/revisions"}],"wp:featuredmedia":[{"embeddable":true,"href":"https:\/\/www.gruppopdregionetoscana.it\/web\/wp-json\/wp\/v2\/media\/4765"}],"wp:attachment":[{"href":"https:\/\/www.gruppopdregionetoscana.it\/web\/wp-json\/wp\/v2\/media?parent=4764"}],"wp:term":[{"taxonomy":"category","embeddable":true,"href":"https:\/\/www.gruppopdregionetoscana.it\/web\/wp-json\/wp\/v2\/categories?post=4764"},{"taxonomy":"post_tag","embeddable":true,"href":"https:\/\/www.gruppopdregionetoscana.it\/web\/wp-json\/wp\/v2\/tags?post=4764"}],"curies":[{"name":"wp","href":"https:\/\/api.w.org\/{rel}","templated":true}]}}