{"id":4768,"date":"2012-07-26T14:43:00","date_gmt":"2012-07-26T12:43:00","guid":{"rendered":"http:\/\/www.gruppopdregionetoscana.it\/web\/?p=4768"},"modified":"2013-09-24T15:35:34","modified_gmt":"2013-09-24T13:35:34","slug":"nuove-province-giani-pd-come-e-quando-la-regione-svolgera-il-suo-ruolo-il-consigliere-regionale-ha-presentato-uninterrogazione-urgente","status":"publish","type":"post","link":"https:\/\/www.gruppopdregionetoscana.it\/web\/nuove-province-giani-pd-come-e-quando-la-regione-svolgera-il-suo-ruolo-il-consigliere-regionale-ha-presentato-uninterrogazione-urgente\/","title":{"rendered":"Nuove Province, Giani (PD): \u201cCome e quando la Regione svolger\u00e0 il suo ruolo?\u201d Il consigliere regionale ha presentato un\u2019interrogazione urgente"},"content":{"rendered":"<p>FIRENZE 26.07.2012 (c.b.) Quale ruolo avr\u00e0 e quali decisioni intender\u00e0 prendere la Regione quando sar\u00e0 chiamata in causa dal decreto legge sulla soppressione e la razionalizzazione delle Province? Lo chiede Eugenio Giani, consigliere regionale del Pd, che sulla questione ha presentato un\u2019interrogazione urgente.<br \/>\n\u00abIl decreto del 6 luglio scorso \u2013 spiega Giani \u2013 prevede che la deliberazione del Consiglio dei ministri, una volta individuate le procedure di soppressione e accorpamento delle Province, venga trasmessa \u201cal Consiglio delle autonomie locali (CAL)di ogni regione a Statuto ordinario, o, in mancanza, all\u2019organo regionale di raccordo tra regione ed enti locali, i quali, entro quaranta giorni dalla data di trasmissione, deliberano un piano di riduzioni e accorpamenti relativo alle province ubicate nel territorio della rispettiva regione\u201d. Si tratta evidentemente di un ruolo complementare che viene affidato alla Regione, che sar\u00e0 chiamata ad esprimersi solo in una fase successiva a quella riservata al Consiglio delle autonomie locali. Ebbene \u2013 continua Giani \u2013 nella legge che abbiamo approvato pochi mesi fa in Toscana sul sistema delle autonomie locali, si prevede la convocazione di una seduta congiunta fra Consiglio regionale e CAL al fine di definire \u201cun programma di lavoro comune finalizzato all\u2019elaborazione di proposte per un complessivo riordino dell\u2019ordinamento delle autonomie locali\u201d, dove si dovr\u00e0 anche istituire una commissione congiunta che avr\u00e0 il compito di approfondire la questione. Per questo \u2013 conclude Giani \u2013 con la mia interrogazione ho sollecitato la giunta regionale ad esprimersi su questo percorso, gi\u00e0 previsto dalla normativa toscana, e per ora non ancora attuato\u00bb.<\/p>\n","protected":false},"excerpt":{"rendered":"<p>FIRENZE 26.07.2012 (c.b.) Quale ruolo avr\u00e0 e quali decisioni intender\u00e0 prendere la Regione quando sar\u00e0 chiamata in causa dal decreto legge sulla soppressione e la razionalizzazione delle Province? Lo chiede Eugenio Giani, consigliere regionale del Pd, che sulla questione ha presentato un\u2019interrogazione urgente. \u00abIl decreto del 6 luglio scorso \u2013 spiega Giani \u2013 prevede che [&hellip;]<\/p>\n","protected":false},"author":1,"featured_media":4747,"comment_status":"closed","ping_status":"closed","sticky":false,"template":"","format":"standard","meta":{"_jetpack_memberships_contains_paid_content":false,"footnotes":""},"categories":[30,651],"tags":[338,167,43,299,128,36],"class_list":{"0":"post-4768","1":"post","2":"type-post","3":"status-publish","4":"format-standard","5":"has-post-thumbnail","7":"category-comunicati-stampa","8":"category-notizie-eugenio-giani","9":"tag-cal","10":"tag-eugenio-giani","11":"tag-firenze","12":"tag-province","13":"tag-riforma","14":"tag-toscana","15":"czr-hentry"},"jetpack_featured_media_url":"https:\/\/www.gruppopdregionetoscana.it\/web\/wp-content\/uploads\/2013\/08\/EugenioGiani2.jpg","jetpack_sharing_enabled":true,"_links":{"self":[{"href":"https:\/\/www.gruppopdregionetoscana.it\/web\/wp-json\/wp\/v2\/posts\/4768","targetHints":{"allow":["GET"]}}],"collection":[{"href":"https:\/\/www.gruppopdregionetoscana.it\/web\/wp-json\/wp\/v2\/posts"}],"about":[{"href":"https:\/\/www.gruppopdregionetoscana.it\/web\/wp-json\/wp\/v2\/types\/post"}],"author":[{"embeddable":true,"href":"https:\/\/www.gruppopdregionetoscana.it\/web\/wp-json\/wp\/v2\/users\/1"}],"replies":[{"embeddable":true,"href":"https:\/\/www.gruppopdregionetoscana.it\/web\/wp-json\/wp\/v2\/comments?post=4768"}],"version-history":[{"count":0,"href":"https:\/\/www.gruppopdregionetoscana.it\/web\/wp-json\/wp\/v2\/posts\/4768\/revisions"}],"wp:featuredmedia":[{"embeddable":true,"href":"https:\/\/www.gruppopdregionetoscana.it\/web\/wp-json\/wp\/v2\/media\/4747"}],"wp:attachment":[{"href":"https:\/\/www.gruppopdregionetoscana.it\/web\/wp-json\/wp\/v2\/media?parent=4768"}],"wp:term":[{"taxonomy":"category","embeddable":true,"href":"https:\/\/www.gruppopdregionetoscana.it\/web\/wp-json\/wp\/v2\/categories?post=4768"},{"taxonomy":"post_tag","embeddable":true,"href":"https:\/\/www.gruppopdregionetoscana.it\/web\/wp-json\/wp\/v2\/tags?post=4768"}],"curies":[{"name":"wp","href":"https:\/\/api.w.org\/{rel}","templated":true}]}}