{"id":4782,"date":"2012-07-17T16:17:10","date_gmt":"2012-07-17T14:17:10","guid":{"rendered":"http:\/\/www.gruppopdregionetoscana.it\/web\/?p=4782"},"modified":"2013-09-24T15:30:33","modified_gmt":"2013-09-24T13:30:33","slug":"piaggio-ferrucci-pd-siamo-anche-noi-preoccupati-il-sindaco-ha-fatto-bene-a-intervenire-subito","status":"publish","type":"post","link":"https:\/\/www.gruppopdregionetoscana.it\/web\/piaggio-ferrucci-pd-siamo-anche-noi-preoccupati-il-sindaco-ha-fatto-bene-a-intervenire-subito\/","title":{"rendered":"Piaggio, Ferrucci (PD): \u201cSiamo anche noi preoccupati. Il sindaco ha fatto bene a intervenire subito\u201d"},"content":{"rendered":"<h2><\/h2>\n<p>FIRENZE 17.07.2012 (c.b.) \u00abLe notizie che arrivano da Pontedera ci devono preoccupare e bene ha fatto il sindaco della citt\u00e0 a prevedere un incontro urgente con i sindacati per discutere dei destini della Piaggio. Stiamo parlando della principale azienda della Toscana, che opera in un settore, quello industriale, decisivo per tornare a crescere e battere la recessione. L\u2019area industriale della Valdera \u00e8 senza dubbio una delle principali realt\u00e0 produttive della regione, un\u2019area da salvaguardare sotto il profilo dell\u2019occupazione e della forza imprenditoriale, con in testa proprio la Piaggio. C\u2019\u00e8 bisogno, ora pi\u00f9 che mai, di creare le condizioni per attrarre nuovi incentivi per lo sviluppo e rendere quindi pi\u00f9 competitivo il nostro territorio\u00bb.<br \/>\nCos\u00ec Ivan Ferrucci, consigliere regionale, componente della commissione Attivit\u00e0 produttive, interviene sulla situazione di allarme circa il futuro della Piaggio a Pontedera.<\/p>\n","protected":false},"excerpt":{"rendered":"<p>FIRENZE 17.07.2012 (c.b.) \u00abLe notizie che arrivano da Pontedera ci devono preoccupare e bene ha fatto il sindaco della citt\u00e0 a prevedere un incontro urgente con i sindacati per discutere dei destini della Piaggio. Stiamo parlando della principale azienda della Toscana, che opera in un settore, quello industriale, decisivo per tornare a crescere e battere [&hellip;]<\/p>\n","protected":false},"author":1,"featured_media":4783,"comment_status":"closed","ping_status":"closed","sticky":false,"template":"","format":"standard","meta":{"_jetpack_memberships_contains_paid_content":false,"footnotes":""},"categories":[30],"tags":[105,67,357,180,162,35,68,36],"class_list":{"0":"post-4782","1":"post","2":"type-post","3":"status-publish","4":"format-standard","5":"has-post-thumbnail","7":"category-comunicati-stampa","8":"tag-lavoro","9":"tag-occupazione","10":"tag-piaggio","11":"tag-pisa","12":"tag-pontedera","13":"tag-regione","14":"tag-sindacati","15":"tag-toscana","16":"czr-hentry"},"jetpack_featured_media_url":"https:\/\/www.gruppopdregionetoscana.it\/web\/wp-content\/uploads\/2013\/08\/piaggio.jpg","jetpack_sharing_enabled":true,"_links":{"self":[{"href":"https:\/\/www.gruppopdregionetoscana.it\/web\/wp-json\/wp\/v2\/posts\/4782","targetHints":{"allow":["GET"]}}],"collection":[{"href":"https:\/\/www.gruppopdregionetoscana.it\/web\/wp-json\/wp\/v2\/posts"}],"about":[{"href":"https:\/\/www.gruppopdregionetoscana.it\/web\/wp-json\/wp\/v2\/types\/post"}],"author":[{"embeddable":true,"href":"https:\/\/www.gruppopdregionetoscana.it\/web\/wp-json\/wp\/v2\/users\/1"}],"replies":[{"embeddable":true,"href":"https:\/\/www.gruppopdregionetoscana.it\/web\/wp-json\/wp\/v2\/comments?post=4782"}],"version-history":[{"count":0,"href":"https:\/\/www.gruppopdregionetoscana.it\/web\/wp-json\/wp\/v2\/posts\/4782\/revisions"}],"wp:featuredmedia":[{"embeddable":true,"href":"https:\/\/www.gruppopdregionetoscana.it\/web\/wp-json\/wp\/v2\/media\/4783"}],"wp:attachment":[{"href":"https:\/\/www.gruppopdregionetoscana.it\/web\/wp-json\/wp\/v2\/media?parent=4782"}],"wp:term":[{"taxonomy":"category","embeddable":true,"href":"https:\/\/www.gruppopdregionetoscana.it\/web\/wp-json\/wp\/v2\/categories?post=4782"},{"taxonomy":"post_tag","embeddable":true,"href":"https:\/\/www.gruppopdregionetoscana.it\/web\/wp-json\/wp\/v2\/tags?post=4782"}],"curies":[{"name":"wp","href":"https:\/\/api.w.org\/{rel}","templated":true}]}}