{"id":4978,"date":"2011-07-27T16:07:40","date_gmt":"2011-07-27T14:07:40","guid":{"rendered":"http:\/\/www.gruppopdregionetoscana.it\/web\/?p=4978"},"modified":"2013-08-27T16:12:02","modified_gmt":"2013-08-27T14:12:02","slug":"caccia-allo-storno-la-toscana-disponga-il-prelievo-in-deroga","status":"publish","type":"post","link":"https:\/\/www.gruppopdregionetoscana.it\/web\/caccia-allo-storno-la-toscana-disponga-il-prelievo-in-deroga\/","title":{"rendered":"Caccia allo Storno, \u201cLa Toscana disponga il prelievo in deroga\u201d"},"content":{"rendered":"<p>Lo chiede una mozione presentata dal presidente della commissione agricoltura, Loris Rossetti(Pd) e firmata anche da Remaschi, Spinelli, Ruggeri, Giani, Ceccarelli (Pd) e Ciucchi (Socialisti).<\/p>\n<p>FIRENZE 27.07.2011 (c.b.) Impegnare la giunta regionale \u201ca predisporre ed adottare una delibera che (ai sensi della Direttiva europea) disponga il prelievo in deroga della specie storno, da appostamento con divieto di utilizzo di richiami vivi, su tutto il territorio regionale ad esclusione delle aree boscate; in subordine, che disponga il prelievo in deroga, secondo le anzidette modalit\u00e0, almeno nei territori di tutti i Comuni richiesti dalle Province\u201d. Questi gli obiettivi principali di una mozione presentata in Consiglio regionale da Loris Rossetti, Marco Remaschi, Marco Spinelli, Marco Ruggeri, Eugenio Giani, Vincenzo Ceccarelli (Pd) e Pieraldo Ciucchi (Socialisti-Gruppo Misto). Il documento, che sar\u00e0 discusso nella prossima seduta d\u2019Aula, contiene anche un invito alla giunta toscana \u201cad adottare un ulteriore provvedimento che consenta, anche solo per gli appostamenti fissi individuati dalle Amministrazioni provinciali, il prelievo in deroga dello storno in quanto caccia tradizionale in Toscana (cos\u00ec come previsto sempre dalla Direttiva Ue). \u00abQuella dello storno \u2013 spiega l\u2019ideatore della mozione Loris Rossetti, presidente della commissione agricoltura a Palazzo Panciatichi \u2013 \u00e8 una questione da troppo tempo all\u2019attenzione della Toscana e non solo, una questione che va risolta anche perch\u00e9 l\u2019Italia \u00e8 il solo paese dell`Unione Europea, fra quelli che si affacciano sul Mediterraneo, dove lo storno non \u00e8 compreso nell`elenco delle specie cacciabili. Stiamo parlando di una specie di grande rilevanza venatoria, che causa danni ingenti alle produzioni agricole e gravi disagi nelle citt\u00e0, che presenta problemi per la sua invasivit\u00e0 nei confronti delle altre specie ornitiche della fauna toscana bisognose di tutela. Come Regione Toscana, insieme alle altre Regioni \u2013 ricorda Rossetti abbiamo pi\u00f9 volte sollecitato il governo nazionale affinch\u00e9 si giungesse a una rapida soluzione del problema, anche intervenendo con un decreto. Oggi questa soluzione \u00e8 sostenuta anche dall\u2019Istituto superiore per la protezione e la ricerca Ambientale (Ispra), che in un suo recente documento ha dichiarato \u201ccome in Italia vi siano le condizioni affinch\u00e9 lo storno possa essere cacciato con modalit\u00e0 analoghe a quelle previste negli altri stati membri dove la specie \u00e8 gi\u00e0 oggetto di caccia\u201d. Intanto \u2013 continua Rossetti \u2013 non sono state ancora emanate le linee guida, da parte del governo, per l\u2019esercizio delle deroghe alle specie cacciabili: una situazione di ritardi e mancati adempimenti che determina una condizione di grande difficolt\u00e0 per le Regioni, che si trovano a dover far fronte alle problematiche dei danni alle colture agricole ed alle altre emergenze causate dalla eccessiva presenza e dalla mancata gestione dello storno senza la disponibilit\u00e0 completa degli strumenti pur previsti dalla legge nazionale. Una situazione insostenibile \u2013 conclude Rossetti \u2013 che non pu\u00f2 vederci fermi, soprattutto per dare risposte all\u2019esigenza di garantire il massimo grado possibile di prevenzione dei danni e di equilibrio ambientale\u00bb.<\/p>\n","protected":false},"excerpt":{"rendered":"<p>Lo chiede una mozione presentata dal presidente della commissione agricoltura, Loris Rossetti(Pd) e firmata anche da Remaschi, Spinelli, Ruggeri, Giani, Ceccarelli (Pd) e Ciucchi (Socialisti). FIRENZE 27.07.2011 (c.b.) Impegnare la giunta regionale \u201ca predisporre ed adottare una delibera che (ai sensi della Direttiva europea) disponga il prelievo in deroga della specie storno, da appostamento con [&hellip;]<\/p>\n","protected":false},"author":1,"featured_media":4979,"comment_status":"closed","ping_status":"closed","sticky":false,"template":"","format":"standard","meta":{"_jetpack_memberships_contains_paid_content":false,"footnotes":""},"categories":[30],"tags":[462,282,254,463,36],"class_list":{"0":"post-4978","1":"post","2":"type-post","3":"status-publish","4":"format-standard","5":"has-post-thumbnail","7":"category-comunicati-stampa","8":"tag-caccia","9":"tag-consiglieri-pd","10":"tag-consiglio-regionale","11":"tag-storno","12":"tag-toscana","13":"czr-hentry"},"jetpack_featured_media_url":"https:\/\/www.gruppopdregionetoscana.it\/web\/wp-content\/uploads\/2013\/08\/storno.jpg","jetpack_sharing_enabled":true,"_links":{"self":[{"href":"https:\/\/www.gruppopdregionetoscana.it\/web\/wp-json\/wp\/v2\/posts\/4978","targetHints":{"allow":["GET"]}}],"collection":[{"href":"https:\/\/www.gruppopdregionetoscana.it\/web\/wp-json\/wp\/v2\/posts"}],"about":[{"href":"https:\/\/www.gruppopdregionetoscana.it\/web\/wp-json\/wp\/v2\/types\/post"}],"author":[{"embeddable":true,"href":"https:\/\/www.gruppopdregionetoscana.it\/web\/wp-json\/wp\/v2\/users\/1"}],"replies":[{"embeddable":true,"href":"https:\/\/www.gruppopdregionetoscana.it\/web\/wp-json\/wp\/v2\/comments?post=4978"}],"version-history":[{"count":0,"href":"https:\/\/www.gruppopdregionetoscana.it\/web\/wp-json\/wp\/v2\/posts\/4978\/revisions"}],"wp:featuredmedia":[{"embeddable":true,"href":"https:\/\/www.gruppopdregionetoscana.it\/web\/wp-json\/wp\/v2\/media\/4979"}],"wp:attachment":[{"href":"https:\/\/www.gruppopdregionetoscana.it\/web\/wp-json\/wp\/v2\/media?parent=4978"}],"wp:term":[{"taxonomy":"category","embeddable":true,"href":"https:\/\/www.gruppopdregionetoscana.it\/web\/wp-json\/wp\/v2\/categories?post=4978"},{"taxonomy":"post_tag","embeddable":true,"href":"https:\/\/www.gruppopdregionetoscana.it\/web\/wp-json\/wp\/v2\/tags?post=4978"}],"curies":[{"name":"wp","href":"https:\/\/api.w.org\/{rel}","templated":true}]}}