{"id":4992,"date":"2011-07-25T15:36:47","date_gmt":"2011-07-25T13:36:47","guid":{"rendered":"http:\/\/www.gruppopdregionetoscana.it\/web\/?p=4992"},"modified":"2013-08-29T15:37:12","modified_gmt":"2013-08-29T13:37:12","slug":"afghanistan-militare-ucciso-il-cordoglio-di-bini-e-venturi","status":"publish","type":"post","link":"https:\/\/www.gruppopdregionetoscana.it\/web\/afghanistan-militare-ucciso-il-cordoglio-di-bini-e-venturi\/","title":{"rendered":"Afghanistan, militare ucciso, Il cordoglio di Bini e Venturi"},"content":{"rendered":"<p>FIRENZE 25.07.11 (c.b.) \u00abVogliamo esprimere il profondo cordoglio ai familiari del caporalmaggiore David Tobini, rimasto ucciso in Afghanistan e la vicinanza ai soldati feriti. Ai militari del 183\u00b0 reggimento paracadutisti &#8220;Nembo&#8220; giunga l\u2019abbraccio e la solidariet\u00e0 dell\u2019intera comunit\u00e0 toscana. Ancora una giovane vita annientata, una tragedia che tocca cos\u00ec da vicino la citt\u00e0 di Pistoia e che deve spingere tutti noi a riflettere sul sacrificio di questi ragazzi. L\u2019auspicio, aldil\u00e0 di ogni retorica, \u00e8 che la loro missione possa davvero riportare la pace in quella parte del mondo, altrimenti tutto sar\u00e0 stato inutile\u00bb. Cos\u00ec Caterina Bini e Gianfranco Venturi, consiglieri regionali del Pd, sulla morte del paracadutista David Tobini in Afghanistan, che questa mattina hanno inviato un telegramma di cordoglio al 183\u00b0 reggimento.<\/p>\n","protected":false},"excerpt":{"rendered":"<p>FIRENZE 25.07.11 (c.b.) \u00abVogliamo esprimere il profondo cordoglio ai familiari del caporalmaggiore David Tobini, rimasto ucciso in Afghanistan e la vicinanza ai soldati feriti. Ai militari del 183\u00b0 reggimento paracadutisti &#8220;Nembo&#8220; giunga l\u2019abbraccio e la solidariet\u00e0 dell\u2019intera comunit\u00e0 toscana. Ancora una giovane vita annientata, una tragedia che tocca cos\u00ec da vicino la citt\u00e0 di Pistoia [&hellip;]<\/p>\n","protected":false},"author":1,"featured_media":0,"comment_status":"closed","ping_status":"closed","sticky":false,"template":"","format":"standard","meta":{"_jetpack_memberships_contains_paid_content":false,"footnotes":""},"categories":[30],"tags":[],"class_list":{"0":"post-4992","1":"post","2":"type-post","3":"status-publish","4":"format-standard","6":"category-comunicati-stampa","7":"czr-hentry"},"jetpack_featured_media_url":"","jetpack_sharing_enabled":true,"_links":{"self":[{"href":"https:\/\/www.gruppopdregionetoscana.it\/web\/wp-json\/wp\/v2\/posts\/4992","targetHints":{"allow":["GET"]}}],"collection":[{"href":"https:\/\/www.gruppopdregionetoscana.it\/web\/wp-json\/wp\/v2\/posts"}],"about":[{"href":"https:\/\/www.gruppopdregionetoscana.it\/web\/wp-json\/wp\/v2\/types\/post"}],"author":[{"embeddable":true,"href":"https:\/\/www.gruppopdregionetoscana.it\/web\/wp-json\/wp\/v2\/users\/1"}],"replies":[{"embeddable":true,"href":"https:\/\/www.gruppopdregionetoscana.it\/web\/wp-json\/wp\/v2\/comments?post=4992"}],"version-history":[{"count":0,"href":"https:\/\/www.gruppopdregionetoscana.it\/web\/wp-json\/wp\/v2\/posts\/4992\/revisions"}],"wp:attachment":[{"href":"https:\/\/www.gruppopdregionetoscana.it\/web\/wp-json\/wp\/v2\/media?parent=4992"}],"wp:term":[{"taxonomy":"category","embeddable":true,"href":"https:\/\/www.gruppopdregionetoscana.it\/web\/wp-json\/wp\/v2\/categories?post=4992"},{"taxonomy":"post_tag","embeddable":true,"href":"https:\/\/www.gruppopdregionetoscana.it\/web\/wp-json\/wp\/v2\/tags?post=4992"}],"curies":[{"name":"wp","href":"https:\/\/api.w.org\/{rel}","templated":true}]}}