{"id":5085,"date":"2012-03-13T12:31:11","date_gmt":"2012-03-13T11:31:11","guid":{"rendered":"http:\/\/www.gruppopdregionetoscana.it\/web\/?p=5085"},"modified":"2013-09-24T15:21:21","modified_gmt":"2013-09-24T13:21:21","slug":"tramvia-firenze-campi-prato-bambagioni-presentare-presto-un-progetto-credibile-2","status":"publish","type":"post","link":"https:\/\/www.gruppopdregionetoscana.it\/web\/tramvia-firenze-campi-prato-bambagioni-presentare-presto-un-progetto-credibile-2\/","title":{"rendered":"Tramvia Firenze-Campi-Prato Bambagioni: \u201cPresentare presto un progetto credibile\u201d"},"content":{"rendered":"<p>\u00abOccorre produrre uno sforzo collettivo per presentare un progetto credibile, che abbia cio\u00e8 le carte in regola per concorrere all\u2019assegnazione dei finanziamenti insieme alle linee 4 e 5 gi\u00e0 progettate. Quando ci sar\u00e0 questo progetto, mi impegno a portarlo all\u2019attenzione della commissione del Consiglio regionale e sono sicuro che da parte della Regione sar\u00e0 fatto tutto il possibile per sostenere un\u2019idea che tanto favore incontra tra i cittadini della Piana\u00bb. Lo ha detto Paolo Bambagioni, consigliere regionale del Pd e segretario della commissione trasporti e infrastrutture, intervenendo ieri sera all\u2019assemblea promossa dal settimanale Metropoli a Campi Bisenzio sulla necessit\u00e0 di una linea tramviaria di collegamento Firenze-Campi-Prato. Bambagioni, in particolare, si \u00e8 rivolto a Piero Baronti, coordinatore del gruppo di lavoro appena nato proprio per dare impulso alle proposte, dicendo che \u00aboccorre accelerare i tempi per la redazione di un progetto fattibile, anche perch\u00e9 a fronte delle tre linee di tramvia gi\u00e0 finanziate (di cui una realizzata) ci sono ancora le linee 4 e 5, progettate ma che ancora non hanno ottenuto quanto richiesto. C\u2019\u00e8 quindi l\u2019occasione \u2013 ha spiegato il consigliere regionale \u2013 di \u201cagganciarsi\u201d a questo treno ma occorre fare presto e produrre un progetto serio. In questo caso la Regione sar\u00e0 investita pienamente del problema e sono sicuro potr\u00e0 adoperarsi per sostenere la richiesta di finanziamenti da parte dei Fondi Ue. Non vi \u00e8 dubbio \u2013 ha concluso Bambagioni \u2013 che il successo di utenza e la sostenibilit\u00e0 economica della gi\u00e0 sperimentata linea 1 di Firenze ha aperto di fatto una prospettiva nuova sui temi della mobilit\u00e0 non solo in citt\u00e0, ma nell\u2019intera area metropolitana\u00bb.<\/p>\n","protected":false},"excerpt":{"rendered":"<p>\u00abOccorre produrre uno sforzo collettivo per presentare un progetto credibile, che abbia cio\u00e8 le carte in regola per concorrere all\u2019assegnazione dei finanziamenti insieme alle linee 4 e 5 gi\u00e0 progettate. Quando ci sar\u00e0 questo progetto, mi impegno a portarlo all\u2019attenzione della commissione del Consiglio regionale e sono sicuro che da parte della Regione sar\u00e0 fatto [&hellip;]<\/p>\n","protected":false},"author":1,"featured_media":3986,"comment_status":"closed","ping_status":"closed","sticky":false,"template":"","format":"standard","meta":{"_jetpack_memberships_contains_paid_content":false,"footnotes":""},"categories":[30,639],"tags":[498,169,44,40],"class_list":{"0":"post-5085","1":"post","2":"type-post","3":"status-publish","4":"format-standard","5":"has-post-thumbnail","7":"category-comunicati-stampa","8":"category-notizie-paolo-bambagioni","9":"tag-campi-bisenzio","10":"tag-paolo-bambagioni","11":"tag-prato","12":"tag-tramvia","13":"czr-hentry"},"jetpack_featured_media_url":"https:\/\/www.gruppopdregionetoscana.it\/web\/wp-content\/uploads\/2013\/06\/bambagioni.jpg","jetpack_sharing_enabled":true,"_links":{"self":[{"href":"https:\/\/www.gruppopdregionetoscana.it\/web\/wp-json\/wp\/v2\/posts\/5085","targetHints":{"allow":["GET"]}}],"collection":[{"href":"https:\/\/www.gruppopdregionetoscana.it\/web\/wp-json\/wp\/v2\/posts"}],"about":[{"href":"https:\/\/www.gruppopdregionetoscana.it\/web\/wp-json\/wp\/v2\/types\/post"}],"author":[{"embeddable":true,"href":"https:\/\/www.gruppopdregionetoscana.it\/web\/wp-json\/wp\/v2\/users\/1"}],"replies":[{"embeddable":true,"href":"https:\/\/www.gruppopdregionetoscana.it\/web\/wp-json\/wp\/v2\/comments?post=5085"}],"version-history":[{"count":0,"href":"https:\/\/www.gruppopdregionetoscana.it\/web\/wp-json\/wp\/v2\/posts\/5085\/revisions"}],"wp:featuredmedia":[{"embeddable":true,"href":"https:\/\/www.gruppopdregionetoscana.it\/web\/wp-json\/wp\/v2\/media\/3986"}],"wp:attachment":[{"href":"https:\/\/www.gruppopdregionetoscana.it\/web\/wp-json\/wp\/v2\/media?parent=5085"}],"wp:term":[{"taxonomy":"category","embeddable":true,"href":"https:\/\/www.gruppopdregionetoscana.it\/web\/wp-json\/wp\/v2\/categories?post=5085"},{"taxonomy":"post_tag","embeddable":true,"href":"https:\/\/www.gruppopdregionetoscana.it\/web\/wp-json\/wp\/v2\/tags?post=5085"}],"curies":[{"name":"wp","href":"https:\/\/api.w.org\/{rel}","templated":true}]}}