{"id":5143,"date":"2011-04-05T18:05:40","date_gmt":"2011-04-05T16:05:40","guid":{"rendered":"http:\/\/www.gruppopdregionetoscana.it\/web\/?p=5143"},"modified":"2013-09-24T15:09:56","modified_gmt":"2013-09-24T13:09:56","slug":"sistemi-elettorali-e-parita-di-genere-domani-a-firenze-un-convegno-promosso-dal-gruppo-pd-in-regione","status":"publish","type":"post","link":"https:\/\/www.gruppopdregionetoscana.it\/web\/sistemi-elettorali-e-parita-di-genere-domani-a-firenze-un-convegno-promosso-dal-gruppo-pd-in-regione\/","title":{"rendered":"Sistemi elettorali e parit\u00e0 di genere, Domani a Firenze un convegno promosso dal gruppo Pd in Regione"},"content":{"rendered":"<p>FIRENZE 05.04.11 (c.b.) \u201cSistemi elettorali e parit\u00e0 di genere nelle cariche elettive. Una questione di cultura e di democrazia\u201d. Questo il titolo del convegno promosso dal gruppo Pd in Consiglio regionale che si svolger\u00e0 domani, mercoled\u00ec 6 Aprile, dalle ore 15.30 a Firenze, presso la Casa della Creativit\u00e0 (vicolo Santa Maria Maggiore). Politici, studiosi e amministratori si confronteranno sul tema, tornato di grande attualit\u00e0, delle cosiddette \u201cquote rosa\u201d e, pi\u00f9 in generale, del rapporto tra riforma elettorale e parit\u00e0 di accesso e rappresentanza nelle assemblee elettive. Sar\u00e0 Daniela Lastri, consigliera regionale PD dell\u2019ufficio di presidenza di Palazzo Panciatichi, ad aprire i lavori del convegno. Seguir\u00e0 Marisa Nicchi (curatrice indagine Cittalia &#8211; Fondazione Anci ricerche) che terr\u00e0 una comunicazione sulla presenza delle donne nelle amministrazioni comunali. Quindi, una tavola rotonda, coordinata dal costituzionalista Carlo Fusaro, a cui prenderanno parte Elisabetta Catelani, dell\u2019universit\u00e0 di Pisa, Vittorio Bugli, presidente Gruppo PD Regione Toscana, Giuseppe Russo, presidente Gruppo PD Regione Campania e Rossella Pettinati, presidente Commissione pari opportunit\u00e0 Toscana. Poi, il dibattito, con gli interventi dei consiglieri regionali Caterina Bini (Pd), Pieraldo Ciucchi (Ps), Stefania Fuscagni (Pdl), Marco Manneschi (IdV), Lucia Matergi e Rosanna Pugnalini (Pd), Monica Sgherri (Fed); i contributi di Antonio Floridia, dirigente Osservatorio elettorale Regione Toscana, Federica Giuliani presidente CPO Comune di Firenze, Loretta Lazzeri, presidente CPO Provincia Firenze.<\/p>\n","protected":false},"excerpt":{"rendered":"<p>FIRENZE 05.04.11 (c.b.) \u201cSistemi elettorali e parit\u00e0 di genere nelle cariche elettive. Una questione di cultura e di democrazia\u201d. Questo il titolo del convegno promosso dal gruppo Pd in Consiglio regionale che si svolger\u00e0 domani, mercoled\u00ec 6 Aprile, dalle ore 15.30 a Firenze, presso la Casa della Creativit\u00e0 (vicolo Santa Maria Maggiore). Politici, studiosi e [&hellip;]<\/p>\n","protected":false},"author":1,"featured_media":5144,"comment_status":"closed","ping_status":"closed","sticky":false,"template":"","format":"standard","meta":{"_jetpack_memberships_contains_paid_content":false,"footnotes":""},"categories":[30],"tags":[165,522,43,523,35,521,36],"class_list":{"0":"post-5143","1":"post","2":"type-post","3":"status-publish","4":"format-standard","5":"has-post-thumbnail","7":"category-comunicati-stampa","8":"tag-donne","9":"tag-elettorali","10":"tag-firenze","11":"tag-rappresentanza","12":"tag-regione","13":"tag-sistemi","14":"tag-toscana","15":"czr-hentry"},"jetpack_featured_media_url":"https:\/\/www.gruppopdregionetoscana.it\/web\/wp-content\/uploads\/2013\/09\/legge-elettorale.jpg","jetpack_sharing_enabled":true,"_links":{"self":[{"href":"https:\/\/www.gruppopdregionetoscana.it\/web\/wp-json\/wp\/v2\/posts\/5143","targetHints":{"allow":["GET"]}}],"collection":[{"href":"https:\/\/www.gruppopdregionetoscana.it\/web\/wp-json\/wp\/v2\/posts"}],"about":[{"href":"https:\/\/www.gruppopdregionetoscana.it\/web\/wp-json\/wp\/v2\/types\/post"}],"author":[{"embeddable":true,"href":"https:\/\/www.gruppopdregionetoscana.it\/web\/wp-json\/wp\/v2\/users\/1"}],"replies":[{"embeddable":true,"href":"https:\/\/www.gruppopdregionetoscana.it\/web\/wp-json\/wp\/v2\/comments?post=5143"}],"version-history":[{"count":0,"href":"https:\/\/www.gruppopdregionetoscana.it\/web\/wp-json\/wp\/v2\/posts\/5143\/revisions"}],"wp:featuredmedia":[{"embeddable":true,"href":"https:\/\/www.gruppopdregionetoscana.it\/web\/wp-json\/wp\/v2\/media\/5144"}],"wp:attachment":[{"href":"https:\/\/www.gruppopdregionetoscana.it\/web\/wp-json\/wp\/v2\/media?parent=5143"}],"wp:term":[{"taxonomy":"category","embeddable":true,"href":"https:\/\/www.gruppopdregionetoscana.it\/web\/wp-json\/wp\/v2\/categories?post=5143"},{"taxonomy":"post_tag","embeddable":true,"href":"https:\/\/www.gruppopdregionetoscana.it\/web\/wp-json\/wp\/v2\/tags?post=5143"}],"curies":[{"name":"wp","href":"https:\/\/api.w.org\/{rel}","templated":true}]}}