{"id":5146,"date":"2011-03-30T18:09:46","date_gmt":"2011-03-30T16:09:46","guid":{"rendered":"http:\/\/www.gruppopdregionetoscana.it\/web\/?p=5146"},"modified":"2013-09-05T18:11:14","modified_gmt":"2013-09-05T16:11:14","slug":"arezzo-e-il-nuovo-piano-regionale-di-sviluppo","status":"publish","type":"post","link":"https:\/\/www.gruppopdregionetoscana.it\/web\/arezzo-e-il-nuovo-piano-regionale-di-sviluppo\/","title":{"rendered":"Arezzo e il nuovo Piano regionale di Sviluppo"},"content":{"rendered":"<p>Venerd\u00ec in citt\u00e0 l\u2019assessore regionale Simoncini al dibattito promosso dal Pd Ceccarelli: \u201cUna spinta anche per la nostra provincia\u201d<\/p>\n<p>FIRENZE 30.03.2011 (c.b.) Arezzo e il nuovo Programma regionale di sviluppo. Questo il tema del dibattito che si svolger\u00e0 venerd\u00ec 1 aprile, alle ore 16.30, presso l\u2019hotel Minerva di via Fiorentina ad Arezzo. L\u2019iniziativa, promossa dal gruppo consiliare del Pd in Regione e dai coordinamenti comunale e provinciale del partito di Arezzo, \u00e8 la prima tappa di un tour che prevede confronti in tutte le province toscane in preparazione di uno degli atti di governo pi\u00f9 importanti, il Piano regionale di sviluppo 2011-2015. \u00abPer i prossimi anni \u2013 spiega Vincenzo Ceccarelli, consigliere regionale Pd e presidente della commissione ambiente e territorio \u2013 l\u2019obiettivo prioritario sar\u00e0 il rilancio dell\u2019economia. Abbiamo bisogno di una crescita non solo quantitativa, che si fondi sulla conoscenza, la ricerca e l\u2019innovazione, sulla green economy e sulla competitivit\u00e0 delle nostre aziende. Solo in questo modo \u2013 prosegue Ceccarelli \u2013 potremo puntare a un alto tasso di occupazione che favorisca la coesione sociale e territoriale. La provincia di Arezzo \u2013 conclude \u2013 pu\u00f2 dare un contributo significativo alla stesura finale del nuovo Programma di sviluppo della Toscana, perch\u00e9 qui sono presenti risorse ed esperienze in grado di essere valorizzate ed estese, e allo stesso tempo per essa dal Prs pu\u00f2 venire una spinta importante\u00bb. Il dibattito di venerd\u00ec sar\u00e0 aperto da Marco Donati, segretario comunale del Pd e coordinato da Ceccarelli. Sar\u00e0 l\u2019assessore regionale alle attivit\u00e0 produttive, Gianfranco Simoncini, ad illustrare il Piano. Seguiranno gli interventi di Vittorio Bugli, capogruppo PD Consiglio regionale, Enzo Brogi, consigliere regionale Pd, Giuseppe Fanfani, sindaco di Arezzo, Roberto Vasai, presidente Provincia di Arezzo, Giovanni Tricca, presidente Camera di Commercio e dei rappresentanti delle associazioni di categoria, dei sindacati e delle imprese. Infine, Marco Meacci, segretario provinciale Pd, terr\u00e0 l\u2019intervento conclusivo.<\/p>\n","protected":false},"excerpt":{"rendered":"<p>Venerd\u00ec in citt\u00e0 l\u2019assessore regionale Simoncini al dibattito promosso dal Pd Ceccarelli: \u201cUna spinta anche per la nostra provincia\u201d FIRENZE 30.03.2011 (c.b.) Arezzo e il nuovo Programma regionale di sviluppo. Questo il tema del dibattito che si svolger\u00e0 venerd\u00ec 1 aprile, alle ore 16.30, presso l\u2019hotel Minerva di via Fiorentina ad Arezzo. L\u2019iniziativa, promossa dal [&hellip;]<\/p>\n","protected":false},"author":1,"featured_media":4103,"comment_status":"closed","ping_status":"closed","sticky":false,"template":"","format":"standard","meta":{"_jetpack_memberships_contains_paid_content":false,"footnotes":""},"categories":[30],"tags":[344,524,444,36,172],"class_list":{"0":"post-5146","1":"post","2":"type-post","3":"status-publish","4":"format-standard","5":"has-post-thumbnail","7":"category-comunicati-stampa","8":"tag-arezzo","9":"tag-piano","10":"tag-sviluppo","11":"tag-toscana","12":"tag-vincenzo-ceccarelli","13":"czr-hentry"},"jetpack_featured_media_url":"https:\/\/www.gruppopdregionetoscana.it\/web\/wp-content\/uploads\/2013\/05\/gruppo-regione-toscana.jpg","jetpack_sharing_enabled":true,"_links":{"self":[{"href":"https:\/\/www.gruppopdregionetoscana.it\/web\/wp-json\/wp\/v2\/posts\/5146","targetHints":{"allow":["GET"]}}],"collection":[{"href":"https:\/\/www.gruppopdregionetoscana.it\/web\/wp-json\/wp\/v2\/posts"}],"about":[{"href":"https:\/\/www.gruppopdregionetoscana.it\/web\/wp-json\/wp\/v2\/types\/post"}],"author":[{"embeddable":true,"href":"https:\/\/www.gruppopdregionetoscana.it\/web\/wp-json\/wp\/v2\/users\/1"}],"replies":[{"embeddable":true,"href":"https:\/\/www.gruppopdregionetoscana.it\/web\/wp-json\/wp\/v2\/comments?post=5146"}],"version-history":[{"count":0,"href":"https:\/\/www.gruppopdregionetoscana.it\/web\/wp-json\/wp\/v2\/posts\/5146\/revisions"}],"wp:featuredmedia":[{"embeddable":true,"href":"https:\/\/www.gruppopdregionetoscana.it\/web\/wp-json\/wp\/v2\/media\/4103"}],"wp:attachment":[{"href":"https:\/\/www.gruppopdregionetoscana.it\/web\/wp-json\/wp\/v2\/media?parent=5146"}],"wp:term":[{"taxonomy":"category","embeddable":true,"href":"https:\/\/www.gruppopdregionetoscana.it\/web\/wp-json\/wp\/v2\/categories?post=5146"},{"taxonomy":"post_tag","embeddable":true,"href":"https:\/\/www.gruppopdregionetoscana.it\/web\/wp-json\/wp\/v2\/tags?post=5146"}],"curies":[{"name":"wp","href":"https:\/\/api.w.org\/{rel}","templated":true}]}}