{"id":5148,"date":"2011-03-30T18:11:18","date_gmt":"2011-03-30T16:11:18","guid":{"rendered":"http:\/\/www.gruppopdregionetoscana.it\/web\/?p=5148"},"modified":"2013-09-24T15:26:43","modified_gmt":"2013-09-24T13:26:43","slug":"careggi-cardiochirurgia-remaschi-una-eccellenza-nel-panorama-nazionale","status":"publish","type":"post","link":"https:\/\/www.gruppopdregionetoscana.it\/web\/careggi-cardiochirurgia-remaschi-una-eccellenza-nel-panorama-nazionale\/","title":{"rendered":"Careggi, Cardiochirurgia, Remaschi: \u201cUna eccellenza nel panorama nazionale\u201d"},"content":{"rendered":"<p>Interviene il presidente della Commissione sanit\u00e0 del Consiglio regionale: \u201cLa struttura diretta dal Professor Stefano ai livelli pi\u00f9 bassi in Italia per mortalit\u00e0, pur occupandosi di casi ad alta complessit\u00e0. Da incentivare integrazione tra le ASL e investimenti delle nuove strutture\u201d.<\/p>\n<p>FIRENZE 30.03.2011 (d.s.) \u00abIn momenti come questi, in cui troppo spesso i cittadini hanno la sensazione di trovarsi in una confusione generale che coinvolge molti aspetti della vita di ognuno di noi, credo che sia dovere per un amministratore pubblico avere l\u2019onest\u00e0 intellettuale per dire ai cittadini cos\u2019\u00e8 che va e cosa no al di l\u00e0 della parte politica in cui si trova. Analizzando i dati oggettivi, si capisce subito che la struttura diretta dal professor Stefano e composta da operatori tra i migliori a livello nazionale, \u00e8 divenuta negli ultimi anni un vero e proprio centro di centro di eccellenza con utenti provenienti da tutta la regione (49% di pazienti provenienti da fuori Firenze) spesso con caratteristiche d\u2019urgenza, ma lo si fa con un risultati ottimi, tanto che le statistiche ne indicano un tasso di mortalit\u00e0 tra i pi\u00f9 bassi in Italia, inoltre si sperimentano con successo nuove tecniche operatorie che rendono gli interventi meno traumatici, con un decorso pi\u00f9 rapido ed il tutto con costi per il sistema sanitario inferiori\u00bb. Lo dice Marco Remaschi (Pd), presidente della commissione sanit\u00e0 in consiglio regionale, intervenendo sulla situazione di Cardiochirurgia a Careggi. \u00abCredo che eccellenze di questa portata \u2013 aggiunge Remaschi \u2013 debbano essere ancor pi\u00f9 valorizzate, favorendo l\u2019integrazione e le collaborazioni tra le diverse strutture regionali, dando cos\u00ec la possibilit\u00e0 alle alte professionalit\u00e0 presenti, qui come in altre situazioni in Toscana, di esprimersi al meglio. Come credo che, seppur nelle difficolt\u00e0 di bilancio, la Regione si stia muovendo nella giusta direzione, investendo nelle strutture, come per esempio sta facendo proprio per la cardiochirurgia di Careggi con la realizzazione di nuove sale operatorie, ormai di prossima apertura, che rappresentano una risposta reale ai fabbisogni dei cittadini toscani\u00bb.<\/p>\n","protected":false},"excerpt":{"rendered":"<p>Interviene il presidente della Commissione sanit\u00e0 del Consiglio regionale: \u201cLa struttura diretta dal Professor Stefano ai livelli pi\u00f9 bassi in Italia per mortalit\u00e0, pur occupandosi di casi ad alta complessit\u00e0. Da incentivare integrazione tra le ASL e investimenti delle nuove strutture\u201d. FIRENZE 30.03.2011 (d.s.) \u00abIn momenti come questi, in cui troppo spesso i cittadini hanno [&hellip;]<\/p>\n","protected":false},"author":1,"featured_media":4829,"comment_status":"closed","ping_status":"closed","sticky":false,"template":"","format":"standard","meta":{"_jetpack_memberships_contains_paid_content":false,"footnotes":""},"categories":[30],"tags":[525,41,254,526,121,101,36],"class_list":{"0":"post-5148","1":"post","2":"type-post","3":"status-publish","4":"format-standard","5":"has-post-thumbnail","7":"category-comunicati-stampa","8":"tag-careggi","9":"tag-commissione","10":"tag-consiglio-regionale","11":"tag-eccellenza","12":"tag-marco-remaschi","13":"tag-sanita","14":"tag-toscana","15":"czr-hentry"},"jetpack_featured_media_url":"https:\/\/www.gruppopdregionetoscana.it\/web\/wp-content\/uploads\/2013\/08\/sanit\u00e0.jpg","jetpack_sharing_enabled":true,"_links":{"self":[{"href":"https:\/\/www.gruppopdregionetoscana.it\/web\/wp-json\/wp\/v2\/posts\/5148","targetHints":{"allow":["GET"]}}],"collection":[{"href":"https:\/\/www.gruppopdregionetoscana.it\/web\/wp-json\/wp\/v2\/posts"}],"about":[{"href":"https:\/\/www.gruppopdregionetoscana.it\/web\/wp-json\/wp\/v2\/types\/post"}],"author":[{"embeddable":true,"href":"https:\/\/www.gruppopdregionetoscana.it\/web\/wp-json\/wp\/v2\/users\/1"}],"replies":[{"embeddable":true,"href":"https:\/\/www.gruppopdregionetoscana.it\/web\/wp-json\/wp\/v2\/comments?post=5148"}],"version-history":[{"count":0,"href":"https:\/\/www.gruppopdregionetoscana.it\/web\/wp-json\/wp\/v2\/posts\/5148\/revisions"}],"wp:featuredmedia":[{"embeddable":true,"href":"https:\/\/www.gruppopdregionetoscana.it\/web\/wp-json\/wp\/v2\/media\/4829"}],"wp:attachment":[{"href":"https:\/\/www.gruppopdregionetoscana.it\/web\/wp-json\/wp\/v2\/media?parent=5148"}],"wp:term":[{"taxonomy":"category","embeddable":true,"href":"https:\/\/www.gruppopdregionetoscana.it\/web\/wp-json\/wp\/v2\/categories?post=5148"},{"taxonomy":"post_tag","embeddable":true,"href":"https:\/\/www.gruppopdregionetoscana.it\/web\/wp-json\/wp\/v2\/tags?post=5148"}],"curies":[{"name":"wp","href":"https:\/\/api.w.org\/{rel}","templated":true}]}}