{"id":5150,"date":"2011-03-24T18:15:19","date_gmt":"2011-03-24T17:15:19","guid":{"rendered":"http:\/\/www.gruppopdregionetoscana.it\/web\/?p=5150"},"modified":"2013-09-24T15:21:22","modified_gmt":"2013-09-24T13:21:22","slug":"una-fascia-distintiva-anche-per-la-regione-proposta-di-legge-bipartisan-primo-firmatario-paolo-bambagioni-pd","status":"publish","type":"post","link":"https:\/\/www.gruppopdregionetoscana.it\/web\/una-fascia-distintiva-anche-per-la-regione-proposta-di-legge-bipartisan-primo-firmatario-paolo-bambagioni-pd\/","title":{"rendered":"\u201cUna fascia distintiva anche per la Regione\u201d Proposta di legge bipartisan, primo firmatario Paolo Bambagioni (Pd)"},"content":{"rendered":"<p>Come sindaci e presidenti di Provincia anche il governatore e il presidente del Consiglio regionale potrebbero presto indossare una fusciacca, ma bianco-rossa e col Pegaso<\/p>\n<p>FIRENZE 24.03.2011 (c.b.) Cos\u00ec come i sindaci e i presidenti di Provincia, anche il governatore e il presidente del Consiglio regionale potrebbero avere presto una loro fascia distintiva in occasione di manifestazioni ed eventi ufficiali. Grazie a una proposta di legge regionale che intende modificare l\u2019attuale disciplina dello stemma e del gonfalone &#8211; primo firmatario il consigliere Pd Paolo Bambagioni &#8211; anche Enrico Rossi (presidente della Regione) e Alberto Monaci (presidente del Consiglio) potranno essere immediatamente distinguibili quando sfileranno davanti al gonfalone col Pegaso. Intanto la proposta ha raccolto le firme bipartisan di una dozzina di consiglieri, rappresentanti di maggioranza e di opposizione. \u00abDa sempre \u2013 spiega Bambagioni \u2013 siamo abituati a vedere e ad individuare, in occasione di cerimonie ufficiali e di cortei, i nostri sindaci o i loro delegati grazie alla fascia tricolore che indossano. Da pochi anni, anche i presidenti delle Province, sono stati dotati di un segno distintivo: la fascia azzurra. Sarebbe utile \u2013 conclude il consigliere \u2013 che anche la Regione possa servirsi di questo strumento, se non altro per rendere pi\u00f9 visibile la sua partecipazione ad eventi pubblici in rappresentanza dei cittadini toscani\u00bb. La proposta di legge, ricordando che non esistono norme nazionali in materia e che solo la Regione Piemonte ha istituito la fascia, stabilisce che \u201cciascun Presidente pu\u00f2 delegarne l`utilizzo solo in caso di sua assenza e di contestuale assenza dell\u2019altro ad un assessore o ad un consigliere regionale\u201d. \u00abProprio in questi casi \u2013 spiega ancora Bambagioni \u2013 la fascia risulterebbe particolarmente utile, perch\u00e9 darebbe l\u2019opportunit\u00e0 di segnalare a tutti la presenza di un rappresentante ufficiale della Regione, in assenza dei suoi presidenti, sicuramente volti pi\u00f9 noti\u00bb. Ma come sar\u00e0 la \u201cfascia della Regione\u201d? La proposta \u00e8 molto precisa: \u201cLa fascia \u00e8 di colore bianco con due bande di colore rosso che costeggiano i bordi della stessa e frange alle due estremit\u00e0 di colore argento. In posizione centrale, ai fini della sua immediata visibilit\u00e0, \u00e8 posto il Pegaso in colore argento, corredato dalla scritta, anch`essa in argento, Regione Toscana\u201d.<\/p>\n","protected":false},"excerpt":{"rendered":"<p>Come sindaci e presidenti di Provincia anche il governatore e il presidente del Consiglio regionale potrebbero presto indossare una fusciacca, ma bianco-rossa e col Pegaso FIRENZE 24.03.2011 (c.b.) Cos\u00ec come i sindaci e i presidenti di Provincia, anche il governatore e il presidente del Consiglio regionale potrebbero avere presto una loro fascia distintiva in occasione [&hellip;]<\/p>\n","protected":false},"author":1,"featured_media":5151,"comment_status":"closed","ping_status":"closed","sticky":false,"template":"","format":"standard","meta":{"_jetpack_memberships_contains_paid_content":false,"footnotes":""},"categories":[30,639],"tags":[426,254,528,169,527,36],"class_list":{"0":"post-5150","1":"post","2":"type-post","3":"status-publish","4":"format-standard","5":"has-post-thumbnail","7":"category-comunicati-stampa","8":"category-notizie-paolo-bambagioni","9":"tag-bipartisan","10":"tag-consiglio-regionale","11":"tag-fascia-distintiva","12":"tag-paolo-bambagioni","13":"tag-pdl","14":"tag-toscana","15":"czr-hentry"},"jetpack_featured_media_url":"https:\/\/www.gruppopdregionetoscana.it\/web\/wp-content\/uploads\/2013\/09\/salone-consiglio.jpg","jetpack_sharing_enabled":true,"_links":{"self":[{"href":"https:\/\/www.gruppopdregionetoscana.it\/web\/wp-json\/wp\/v2\/posts\/5150","targetHints":{"allow":["GET"]}}],"collection":[{"href":"https:\/\/www.gruppopdregionetoscana.it\/web\/wp-json\/wp\/v2\/posts"}],"about":[{"href":"https:\/\/www.gruppopdregionetoscana.it\/web\/wp-json\/wp\/v2\/types\/post"}],"author":[{"embeddable":true,"href":"https:\/\/www.gruppopdregionetoscana.it\/web\/wp-json\/wp\/v2\/users\/1"}],"replies":[{"embeddable":true,"href":"https:\/\/www.gruppopdregionetoscana.it\/web\/wp-json\/wp\/v2\/comments?post=5150"}],"version-history":[{"count":0,"href":"https:\/\/www.gruppopdregionetoscana.it\/web\/wp-json\/wp\/v2\/posts\/5150\/revisions"}],"wp:featuredmedia":[{"embeddable":true,"href":"https:\/\/www.gruppopdregionetoscana.it\/web\/wp-json\/wp\/v2\/media\/5151"}],"wp:attachment":[{"href":"https:\/\/www.gruppopdregionetoscana.it\/web\/wp-json\/wp\/v2\/media?parent=5150"}],"wp:term":[{"taxonomy":"category","embeddable":true,"href":"https:\/\/www.gruppopdregionetoscana.it\/web\/wp-json\/wp\/v2\/categories?post=5150"},{"taxonomy":"post_tag","embeddable":true,"href":"https:\/\/www.gruppopdregionetoscana.it\/web\/wp-json\/wp\/v2\/tags?post=5150"}],"curies":[{"name":"wp","href":"https:\/\/api.w.org\/{rel}","templated":true}]}}