{"id":5235,"date":"2011-01-21T17:52:07","date_gmt":"2011-01-21T16:52:07","guid":{"rendered":"http:\/\/www.gruppopdregionetoscana.it\/web\/?p=5235"},"modified":"2013-09-24T15:34:13","modified_gmt":"2013-09-24T13:34:13","slug":"gonfienti-scavi-archeologici-fabrizio-mattei-la-burocrazia-non-seppellisca-di-nuovo-gli-etruschi","status":"publish","type":"post","link":"https:\/\/www.gruppopdregionetoscana.it\/web\/gonfienti-scavi-archeologici-fabrizio-mattei-la-burocrazia-non-seppellisca-di-nuovo-gli-etruschi\/","title":{"rendered":"Gonfienti, scavi archeologici, Fabrizio Mattei: \u201cLa burocrazia non seppellisca di nuovo gli Etruschi\u201d"},"content":{"rendered":"<p>Il consigliere regionale giudica la situazione paradossale, che espone la citt\u00e0 a una \u201cfiguraccia internazionale\u201d. Mattei chiede anche a Cenni di intervenire.<\/p>\n<p>FIRENZE 21.01.2011 (c.b.) \u00abNon permettiamo alla burocrazia e alle sterili controversie di seppellire ancora la citt\u00e0 etrusca! Bisogna fare tutto quanto \u00e8 necessario e al pi\u00f9 presto per rendere spendibili i finanziamenti della Provincia e della Regione per la valorizzazione il sito di Gonfienti\u00bb. Lo dice Fabrizio Mattei, consigliere regionale Pd, commentando l\u2019appello dell\u2019assessore provinciale Edoardo Nesi a concedere il comodato d\u2019uso dell\u2019area archeologica da parte della societ\u00e0 Interporto. \u00abSi tratta di una vicenda con risvolti paradossali \u2013 spiega Mattei \u2013 un fatto di assurda contrapposizione tra enti che rischia di farci fare una figuraccia di livello internazionale. Abbiamo un tesoro prezioso e ci sono i primi soldi per valorizzarlo ma una societ\u00e0 con una forte partecipazione pubblica sembra remare contro, frapponendo ostacoli di cui, francamente, non si capisce il senso. Da parte mia \u2013 aggiunte Mattei \u2013 ho interessato la giunta regionale della questione, chiedendo di sollecitare sia il Comune di Prato, maggiore azionista dell\u2019Interporto, sia il rappresentante della Regione nel consiglio d\u2019amministrazione della societ\u00e0, per fare in modo che la situazione si sblocchi al pi\u00f9 presto. Anche il sindaco Cenni, che proprio della valorizzazione degli scavi etruschi ha fatto un punto del suo programma elettorale \u2013 conclude il consigliere \u2013 dovrebbe prendere una posizione netta e spingere, in qualit\u00e0 di azionista di riferimento, affinch\u00e9 vengano trovate le soluzioni in grado di consentire di poter dare corso agli investimenti\u00bb.<\/p>\n","protected":false},"excerpt":{"rendered":"<p>Il consigliere regionale giudica la situazione paradossale, che espone la citt\u00e0 a una \u201cfiguraccia internazionale\u201d. Mattei chiede anche a Cenni di intervenire. FIRENZE 21.01.2011 (c.b.) \u00abNon permettiamo alla burocrazia e alle sterili controversie di seppellire ancora la citt\u00e0 etrusca! Bisogna fare tutto quanto \u00e8 necessario e al pi\u00f9 presto per rendere spendibili i finanziamenti della [&hellip;]<\/p>\n","protected":false},"author":1,"featured_media":5236,"comment_status":"closed","ping_status":"closed","sticky":false,"template":"","format":"standard","meta":{"_jetpack_memberships_contains_paid_content":false,"footnotes":""},"categories":[30],"tags":[46,559,44,560],"class_list":{"0":"post-5235","1":"post","2":"type-post","3":"status-publish","4":"format-standard","5":"has-post-thumbnail","7":"category-comunicati-stampa","8":"tag-fabrizio-mattei","9":"tag-gonfienti","10":"tag-prato","11":"tag-scavi-archeologici","12":"czr-hentry"},"jetpack_featured_media_url":"https:\/\/www.gruppopdregionetoscana.it\/web\/wp-content\/uploads\/2013\/09\/gonfienti.jpg","jetpack_sharing_enabled":true,"_links":{"self":[{"href":"https:\/\/www.gruppopdregionetoscana.it\/web\/wp-json\/wp\/v2\/posts\/5235","targetHints":{"allow":["GET"]}}],"collection":[{"href":"https:\/\/www.gruppopdregionetoscana.it\/web\/wp-json\/wp\/v2\/posts"}],"about":[{"href":"https:\/\/www.gruppopdregionetoscana.it\/web\/wp-json\/wp\/v2\/types\/post"}],"author":[{"embeddable":true,"href":"https:\/\/www.gruppopdregionetoscana.it\/web\/wp-json\/wp\/v2\/users\/1"}],"replies":[{"embeddable":true,"href":"https:\/\/www.gruppopdregionetoscana.it\/web\/wp-json\/wp\/v2\/comments?post=5235"}],"version-history":[{"count":0,"href":"https:\/\/www.gruppopdregionetoscana.it\/web\/wp-json\/wp\/v2\/posts\/5235\/revisions"}],"wp:featuredmedia":[{"embeddable":true,"href":"https:\/\/www.gruppopdregionetoscana.it\/web\/wp-json\/wp\/v2\/media\/5236"}],"wp:attachment":[{"href":"https:\/\/www.gruppopdregionetoscana.it\/web\/wp-json\/wp\/v2\/media?parent=5235"}],"wp:term":[{"taxonomy":"category","embeddable":true,"href":"https:\/\/www.gruppopdregionetoscana.it\/web\/wp-json\/wp\/v2\/categories?post=5235"},{"taxonomy":"post_tag","embeddable":true,"href":"https:\/\/www.gruppopdregionetoscana.it\/web\/wp-json\/wp\/v2\/tags?post=5235"}],"curies":[{"name":"wp","href":"https:\/\/api.w.org\/{rel}","templated":true}]}}