{"id":5239,"date":"2011-01-20T18:04:29","date_gmt":"2011-01-20T17:04:29","guid":{"rendered":"http:\/\/www.gruppopdregionetoscana.it\/web\/?p=5239"},"modified":"2013-09-09T18:06:39","modified_gmt":"2013-09-09T16:06:39","slug":"consorzi-di-bonifica-ceccarellila-regione-da-tempo-si-muove-per-la-semplificazione-labolizione-dipende-dal-governo-che-non-mi-pare-abbia-fatto-niente","status":"publish","type":"post","link":"https:\/\/www.gruppopdregionetoscana.it\/web\/consorzi-di-bonifica-ceccarellila-regione-da-tempo-si-muove-per-la-semplificazione-labolizione-dipende-dal-governo-che-non-mi-pare-abbia-fatto-niente\/","title":{"rendered":"Consorzi di bonifica, Ceccarelli:\u201cLa Regione da tempo si muove per la semplificazione. L\u2019abolizione dipende dal Governo che non mi pare abbia fatto niente\u201d"},"content":{"rendered":"<p>Il consigliere del Pd risponde a Pdl e Lega:\u201cIl Consiglio Regionale ha approvato recentemente una legge che entro l\u2019anno ci impegna a predisporre un Testo unico di riordino della materia della difesa del suolo\u201d<\/p>\n<p>\u201cSulla questione dei consorzi di bonifica trovo ancora una volta da primatisti della demagogia le dichiarazioni del collega Mugnai del Pdl e degli esponenti della Lega Nord. Prima di tutto perch\u00e9, come ha ben sottolineato l\u2019assessore Bramerini, i consorzi di bonifica dipendono da una legge nazionale e per questo non possono essere aboliti. Probabilmente i colleghi dovrebbero spendere pi\u00f9 tempo a chiedere al loro Governo di intervenire oltre a sapere benissimo che il Consiglio Regionale, anche con ampio dibattito, ha approvato recentemente una legge con la quale ci siamo impegnati a predisporre entro l`anno un Testo unico di riordino della materia della difesa del suolo nel quale rientreranno anche i Consorzi\u201d. Cos\u00ec Vincenzo Ceccarelli (Pd), presidente della Commissione Ambiente del Consiglio Regionale, risponde alle dichiarazioni dei colleghi del Pdl e della Lega sul tema dei consorzi di bonifica. \u201cIl sindaco Fanfani solleva una questione giusta, quella della semplificazione. Da tempo \u2013 aggiunge Ceccarelli \u2013 la Regione sta lavorando in questo senso. La questione dei rapporti tra consorzi di bonifica, Comunit\u00e0 montane, Province e Regione \u00e8 complessa e va affrontata con una riforma generale del settore per la quale, come detto, ci stiamo impegnando sia come Consiglio che come Giunta regionale in modo da arrivare ad un punto di chiarezza per la giusta divisione di competenze e responsabilit\u00e0. Inoltre sulla questione dei consorzi di bonifica non si pu\u00f2 sparare nel mucchio, ci sono realt\u00e0 che funzionano come ad esempio quello della Valdichiana\u201d. \u201cPdl e Lega \u2013 conclude Ceccarelli \u2013 dovrebbero fare un esame di coscienza e invece di parlare di carrozzoni a prescindere potrebbero rivolgersi al Governo nazionale che trasferisce spiccioli alle Regioni per i corsi d\u2019acqua e la difesa del suolo. Forse ci si dimentica che il Governo Berlusconi \u00e8 corso in soccorso di Comuni e amministrazioni amiche che hanno sprecato tantissimo e non ha fatto niente per premiare i pi\u00f9 virtuosi\u201d.<\/p>\n","protected":false},"excerpt":{"rendered":"<p>Il consigliere del Pd risponde a Pdl e Lega:\u201cIl Consiglio Regionale ha approvato recentemente una legge che entro l\u2019anno ci impegna a predisporre un Testo unico di riordino della materia della difesa del suolo\u201d \u201cSulla questione dei consorzi di bonifica trovo ancora una volta da primatisti della demagogia le dichiarazioni del collega Mugnai del Pdl [&hellip;]<\/p>\n","protected":false},"author":1,"featured_media":4877,"comment_status":"closed","ping_status":"closed","sticky":false,"template":"","format":"standard","meta":{"_jetpack_memberships_contains_paid_content":false,"footnotes":""},"categories":[30],"tags":[561,36,172],"class_list":{"0":"post-5239","1":"post","2":"type-post","3":"status-publish","4":"format-standard","5":"has-post-thumbnail","7":"category-comunicati-stampa","8":"tag-consorzi-bonifica","9":"tag-toscana","10":"tag-vincenzo-ceccarelli","11":"czr-hentry"},"jetpack_featured_media_url":"https:\/\/www.gruppopdregionetoscana.it\/web\/wp-content\/uploads\/2013\/08\/consiglio-regionale1.jpg","jetpack_sharing_enabled":true,"_links":{"self":[{"href":"https:\/\/www.gruppopdregionetoscana.it\/web\/wp-json\/wp\/v2\/posts\/5239","targetHints":{"allow":["GET"]}}],"collection":[{"href":"https:\/\/www.gruppopdregionetoscana.it\/web\/wp-json\/wp\/v2\/posts"}],"about":[{"href":"https:\/\/www.gruppopdregionetoscana.it\/web\/wp-json\/wp\/v2\/types\/post"}],"author":[{"embeddable":true,"href":"https:\/\/www.gruppopdregionetoscana.it\/web\/wp-json\/wp\/v2\/users\/1"}],"replies":[{"embeddable":true,"href":"https:\/\/www.gruppopdregionetoscana.it\/web\/wp-json\/wp\/v2\/comments?post=5239"}],"version-history":[{"count":0,"href":"https:\/\/www.gruppopdregionetoscana.it\/web\/wp-json\/wp\/v2\/posts\/5239\/revisions"}],"wp:featuredmedia":[{"embeddable":true,"href":"https:\/\/www.gruppopdregionetoscana.it\/web\/wp-json\/wp\/v2\/media\/4877"}],"wp:attachment":[{"href":"https:\/\/www.gruppopdregionetoscana.it\/web\/wp-json\/wp\/v2\/media?parent=5239"}],"wp:term":[{"taxonomy":"category","embeddable":true,"href":"https:\/\/www.gruppopdregionetoscana.it\/web\/wp-json\/wp\/v2\/categories?post=5239"},{"taxonomy":"post_tag","embeddable":true,"href":"https:\/\/www.gruppopdregionetoscana.it\/web\/wp-json\/wp\/v2\/tags?post=5239"}],"curies":[{"name":"wp","href":"https:\/\/api.w.org\/{rel}","templated":true}]}}