{"id":5449,"date":"2013-09-04T12:27:39","date_gmt":"2013-09-04T10:27:39","guid":{"rendered":"http:\/\/www.gruppopdregionetoscana.it\/web\/?p=5449"},"modified":"2013-09-24T15:14:45","modified_gmt":"2013-09-24T13:14:45","slug":"casa-della-salute-a-volterra-naldoni-pd-il-sindaco-deve-spiegare-le-ragioni-del-suo-no","status":"publish","type":"post","link":"https:\/\/www.gruppopdregionetoscana.it\/web\/casa-della-salute-a-volterra-naldoni-pd-il-sindaco-deve-spiegare-le-ragioni-del-suo-no\/","title":{"rendered":"Casa della Salute a Volterra, Naldoni (Pd): \u201cIl sindaco deve spiegare le ragioni del suo no\u201d"},"content":{"rendered":"<p>\u201cIl consiglio comunale aperto tenutosi ieri a Volterra ha posto nuovamente all&#8217;attenzione per il programmatore regionale l&#8217;esigenza di approvare al pi\u00f9 presto il nuovo piano sanitario integrato della Toscana, attraverso il quale, \u00e8 necessario incardinare il futuro degli ospedali grandi e piccoli del territorio, all&#8217;interno di un quadro coerente che dimostri la volont\u00e0 di non indebolire le strutture bens\u00ec di rilanciarle sul piano dell&#8217;innovazione e della qualit\u00e0. Fatto questo, saranno caduti finalmente anche gli ultimi alibi di chi cerca di strumentalizzare la questione delle piccole strutture, al fine di ricavare visibilit\u00e0 e successi elettorali, proprio come hanno fatto ieri alcuni degli intervenuti nel corso della seduta del consiglio comunale. Non ci risulta nessuna decisione presa dall&#8217;alto, infatti, quasi tutti i piccoli ospedali sono stati inseriti all&#8217;interno di patti territoriali firmati con i sindaci interessati, e lo stesso vale per le Case della salute, una risposta indispensabile alle nuove esigenze della popolazione, per le quali la Regione ha stanziato molte risorse. Credo sia giusto concordare la miglior collocazione di queste strutture con gli enti locali interessati, a patto per\u00f2 che non si utilizzi strumentalmente l&#8217;argomento a fini che nulla hanno a che vedere con l&#8217;assistenza e con la sicurezza delle nostre comunit\u00e0. Noi vogliamo che a Volterra sia aperta al pi\u00f9 presto una Casa della salute proprio perch\u00e9 la riteniamo importante per i cittadini stessi. Se il sindaco, invece, ritiene di poterne fare a meno, allora dovr\u00e0 spiegare a tutti i motivi per cui intende privare i suoi concittadini di un servizio ambito su tutti i territori. Per questo ci tengo a sottolineare che come Pd toscano siamo al fianco di quello volterrano, che nella sua battaglia politica non dimentica di mettere al centro gli interessi della collettivit\u00e0, anteponendoli a quelli di parte\u201d.<\/p>\n<p>Cos\u00ec <strong>Simone Naldoni<\/strong> consigliere regionale e responsabile sanit\u00e0 del Pd Toscano, in merito alla discussione sulla nascita della Casa della Salute a Volterra.<\/p>\n","protected":false},"excerpt":{"rendered":"<p>\u201cIl consiglio comunale aperto tenutosi ieri a Volterra ha posto nuovamente all&#8217;attenzione per il programmatore regionale l&#8217;esigenza di approvare al pi\u00f9 presto il nuovo piano sanitario integrato della Toscana, attraverso il quale, \u00e8 necessario incardinare il futuro degli ospedali grandi e piccoli del territorio, all&#8217;interno di un quadro coerente che dimostri la volont\u00e0 di non [&hellip;]<\/p>\n","protected":false},"author":1,"featured_media":5450,"comment_status":"closed","ping_status":"closed","sticky":false,"template":"","format":"standard","meta":{"_jetpack_memberships_contains_paid_content":false,"footnotes":""},"categories":[30],"tags":[101,623],"class_list":{"0":"post-5449","1":"post","2":"type-post","3":"status-publish","4":"format-standard","5":"has-post-thumbnail","7":"category-comunicati-stampa","8":"tag-sanita","9":"tag-volterra","10":"czr-hentry"},"jetpack_featured_media_url":"https:\/\/www.gruppopdregionetoscana.it\/web\/wp-content\/uploads\/2013\/09\/simone-naldoni2.jpg","jetpack_sharing_enabled":true,"_links":{"self":[{"href":"https:\/\/www.gruppopdregionetoscana.it\/web\/wp-json\/wp\/v2\/posts\/5449","targetHints":{"allow":["GET"]}}],"collection":[{"href":"https:\/\/www.gruppopdregionetoscana.it\/web\/wp-json\/wp\/v2\/posts"}],"about":[{"href":"https:\/\/www.gruppopdregionetoscana.it\/web\/wp-json\/wp\/v2\/types\/post"}],"author":[{"embeddable":true,"href":"https:\/\/www.gruppopdregionetoscana.it\/web\/wp-json\/wp\/v2\/users\/1"}],"replies":[{"embeddable":true,"href":"https:\/\/www.gruppopdregionetoscana.it\/web\/wp-json\/wp\/v2\/comments?post=5449"}],"version-history":[{"count":0,"href":"https:\/\/www.gruppopdregionetoscana.it\/web\/wp-json\/wp\/v2\/posts\/5449\/revisions"}],"wp:featuredmedia":[{"embeddable":true,"href":"https:\/\/www.gruppopdregionetoscana.it\/web\/wp-json\/wp\/v2\/media\/5450"}],"wp:attachment":[{"href":"https:\/\/www.gruppopdregionetoscana.it\/web\/wp-json\/wp\/v2\/media?parent=5449"}],"wp:term":[{"taxonomy":"category","embeddable":true,"href":"https:\/\/www.gruppopdregionetoscana.it\/web\/wp-json\/wp\/v2\/categories?post=5449"},{"taxonomy":"post_tag","embeddable":true,"href":"https:\/\/www.gruppopdregionetoscana.it\/web\/wp-json\/wp\/v2\/tags?post=5449"}],"curies":[{"name":"wp","href":"https:\/\/api.w.org\/{rel}","templated":true}]}}