{"id":5469,"date":"2013-09-04T12:41:26","date_gmt":"2013-09-04T10:41:26","guid":{"rendered":"http:\/\/www.gruppopdregionetoscana.it\/web\/?p=5469"},"modified":"2013-09-24T15:35:33","modified_gmt":"2013-09-24T13:35:33","slug":"area-san-salvi-eugenio-giani-porta-il-caso-in-regione","status":"publish","type":"post","link":"https:\/\/www.gruppopdregionetoscana.it\/web\/area-san-salvi-eugenio-giani-porta-il-caso-in-regione\/","title":{"rendered":"Area San Salvi, Eugenio Giani porta il caso in Regione"},"content":{"rendered":"<p>Il Consiglio regionale discuter\u00e0 presto del futuro dell\u2019area di San Salvi a Firenze. <strong>Eugenio Giani<\/strong> (Pd) ha infatti presentato un\u2019interrogazione urgente per chiedere al presidente Rossi e all\u2019assessore alla sanit\u00e0 Marroni \u201cil reale orientamento della Regione Toscana e della ASL 10 di Firenze in merito: alla destinazione urbanistica dell\u2019area di San Salvi a Firenze; allo stato dell\u2019arte relativo alla procedura per i progetti in corso ed agli eventuali ostacoli di natura burocratica emersi ed non ancora superati; all\u2019ipotesi formulata dal mondo accademico fiorentino circa l\u2019eventuale trasferimento di sedi universitarie nell\u2019area in oggetto; alla necessit\u00e0 di aprire il parco di San Salvi alla pi\u00f9 ampia fruizione pubblica da concretizzarsi\u00a0 anche con la\u00a0 valorizzazione della medesima area mediante l\u2019apertura di impianti sportivi e l\u2019utilizzo del parco a verde per attivit\u00e0 di socializzazione\u201d.<\/p>\n<p>&nbsp;<\/p>\n<p>\u00abSan Salvi \u2013 spiega <strong>Giani<\/strong> \u2013\u00a0 non \u00e8 solo un pezzo di storia di Firenze ma anche una grande opportunit\u00e0 per il futuro della citt\u00e0. Parliamo di un\u2019area di 32 ettari, di propriet\u00e0 della Regione, solo parzialmente rientrata nella fruibilit\u00e0 della citt\u00e0 dopo la dismissione dell\u2019ospedale psichiatrico, divenendo un vero e proprio polmone verde ad uso pubblico.<\/p>\n<p>&nbsp;<\/p>\n<p>E\u2019 una vicenda che si trascina da molti anni, ora chiedo alla giunta regionale di tenere conto di due esigenze, pur comprendendo le ragioni dell\u2019Asl 10 che ha bisogno di risorse finanziarie per la riorganizzazione dell\u2019ospedale di Torregalli. La prima questione \u00e8 che c&#8217;\u00e8 un impegno concreto dell&#8217;Universit\u00e0 per portare a San Salvi due facolt\u00e0. La seconda: nel quartiere c&#8217;\u00e8 grande necessit\u00e0 di realizzare nuovi impianti sportivi, tra cui certamente quello del rugby, per le note difficolt\u00e0 del \u201cPadovani\u201d e quello del baseball. Per questo \u2013 conclude Giani \u2013 credo ci sia bisogno di ripensare il piano e riorganizzare del tutto la compravendita delle aree, consentendo certo alcune limitate trasformazioni di destinazione urbanistica, ma puntando a un\u2019integrazione tra funzioni pubbliche e private, per salvaguardare il parco verde e dare risposte all\u2019universit\u00e0 e alla carenza di impianti sportivi\u00bb<\/p>\n","protected":false},"excerpt":{"rendered":"<p>Il Consiglio regionale discuter\u00e0 presto del futuro dell\u2019area di San Salvi a Firenze. Eugenio Giani (Pd) ha infatti presentato un\u2019interrogazione urgente per chiedere al presidente Rossi e all\u2019assessore alla sanit\u00e0 Marroni \u201cil reale orientamento della Regione Toscana e della ASL 10 di Firenze in merito: alla destinazione urbanistica dell\u2019area di San Salvi a Firenze; allo [&hellip;]<\/p>\n","protected":false},"author":1,"featured_media":4926,"comment_status":"closed","ping_status":"closed","sticky":false,"template":"","format":"standard","meta":{"_jetpack_memberships_contains_paid_content":false,"footnotes":""},"categories":[30,651],"tags":[167,43,631],"class_list":{"0":"post-5469","1":"post","2":"type-post","3":"status-publish","4":"format-standard","5":"has-post-thumbnail","7":"category-comunicati-stampa","8":"category-notizie-eugenio-giani","9":"tag-eugenio-giani","10":"tag-firenze","11":"tag-san-salvi","12":"czr-hentry"},"jetpack_featured_media_url":"https:\/\/www.gruppopdregionetoscana.it\/web\/wp-content\/uploads\/2013\/08\/Eugenio_Giani.jpg","jetpack_sharing_enabled":true,"_links":{"self":[{"href":"https:\/\/www.gruppopdregionetoscana.it\/web\/wp-json\/wp\/v2\/posts\/5469","targetHints":{"allow":["GET"]}}],"collection":[{"href":"https:\/\/www.gruppopdregionetoscana.it\/web\/wp-json\/wp\/v2\/posts"}],"about":[{"href":"https:\/\/www.gruppopdregionetoscana.it\/web\/wp-json\/wp\/v2\/types\/post"}],"author":[{"embeddable":true,"href":"https:\/\/www.gruppopdregionetoscana.it\/web\/wp-json\/wp\/v2\/users\/1"}],"replies":[{"embeddable":true,"href":"https:\/\/www.gruppopdregionetoscana.it\/web\/wp-json\/wp\/v2\/comments?post=5469"}],"version-history":[{"count":0,"href":"https:\/\/www.gruppopdregionetoscana.it\/web\/wp-json\/wp\/v2\/posts\/5469\/revisions"}],"wp:featuredmedia":[{"embeddable":true,"href":"https:\/\/www.gruppopdregionetoscana.it\/web\/wp-json\/wp\/v2\/media\/4926"}],"wp:attachment":[{"href":"https:\/\/www.gruppopdregionetoscana.it\/web\/wp-json\/wp\/v2\/media?parent=5469"}],"wp:term":[{"taxonomy":"category","embeddable":true,"href":"https:\/\/www.gruppopdregionetoscana.it\/web\/wp-json\/wp\/v2\/categories?post=5469"},{"taxonomy":"post_tag","embeddable":true,"href":"https:\/\/www.gruppopdregionetoscana.it\/web\/wp-json\/wp\/v2\/tags?post=5469"}],"curies":[{"name":"wp","href":"https:\/\/api.w.org\/{rel}","templated":true}]}}