{"id":6706,"date":"2013-04-18T10:26:11","date_gmt":"2013-04-18T08:26:11","guid":{"rendered":"http:\/\/www.gruppopdregionetoscana.it\/web\/?p=6706"},"modified":"2013-11-04T10:29:01","modified_gmt":"2013-11-04T09:29:01","slug":"grandi-elettori-una-proposta-di-modifica-allo-statuto-della-toscana","status":"publish","type":"post","link":"https:\/\/www.gruppopdregionetoscana.it\/web\/grandi-elettori-una-proposta-di-modifica-allo-statuto-della-toscana\/","title":{"rendered":"Grandi elettori, una proposta di modifica allo Statuto della Toscana"},"content":{"rendered":"<p>\u201cIl consiglio regionale a norma dell\u2019articolo 83 della Costituzione elegge tre delegati per l\u2019elezione del Presidente della Repubblica. Possono essere eletti, anche tenendo conto del principio della parit\u00e0 di genere ai sensi dell\u2019art. 51 della Costituzione, quali delegati regionali: membri della Giunta e del Consiglio regionale, amministratori degli enti locali della Toscana nonch\u00e9 persone che, per attivit\u00e0 e meriti nel campo sociale, scientifico, artistico e culturale siano rappresentativi della comunit\u00e0 toscana. Il regolamento del Consiglio regionale determina le modalit\u00e0 di elezione di cui 83 comma 2 della Costituzione.\u201d<\/p>\n<p>Poche righe per fare chiarezza, almeno per il domani, quanto meno per supportare nella scelta i consiglieri regionali che tra sette anni dovranno eleggere i nuovi \u201cgrandi elettori\u201d. Poche righe che hanno assunto l\u2019ufficialit\u00e0 di una \u201c<b>Proposta di Legge statutaria\u201d, <\/b>un semplice comma (6 bis) all\u2019articolo 11 dello Statuto della Regione Toscana che \u00e8 stato depositato oggi da nove consiglieri regionali del Partito democratico.<\/p>\n<p>I promotori sono: <b>Nicola Danti, Enzo Brogi, Marco Remaschi, Eugenio Giani, Paolo Tognocchi, Lucia De Robertis, Matteo Tortolini, Marco Spinelli, Rosanna Pugnalini<\/b>.<\/p>\n<p>\u00abNon si tratta solo di fare chiarezza per il futuro ma anche di valorizzare lo spirito di quanto previsto dal dettato costituzionale \u2013 spiega il primo firmatario Nicola Danti \u2013 Siamo convinti che l\u2019obiettivo che indicarono i Costituenti fu quello di non chiudere il concetto di Repubblica, e dunque l\u2019elezione del suo Presidente, nel recinto di una dialettica di due singoli ed esclusivi soggetti istituzionali, lo Stato e le Regioni, ma \u00e8 stato quello di valorizzare, con e attraverso la capacit\u00e0 delle Regioni, quel pluralismo istituzionale, sociale, culturale e politico che rappresenta la ricchezza del nostro Paese. Una ricchezza che, dopo la riforma del titolo V, \u00e8 stata riassunta nella formula: \u201cLa Repubblica \u00e8 costituita dai Comuni, dalle Province, dalle Citt\u00e0 metropolitane, dalle Regioni e dallo Stato.\u201d. Del resto \u2013 continua Danti \u2013 il Presidente, oltre ad essere il Capo dello Stato, rappresenta l\u2019unit\u00e0 nazionale. In questa luce, quindi, deve secondo noi essere letta la scelta del Costituente, cio\u00e8 di consentire, come abbiamo scritto nella relazione illustrativa della nostra proposta, \u201cche venissero indicati come delegati regionali anche soggetti e figure elette al di fuori del Consiglio, di modo che, senza preclusioni, ogni comunit\u00e0 regionale potesse contribuire ad esprimere nella elezione che \u2018fa l\u2019unit\u00e0\u2019 il senso e lo spirito della sua comunit\u00e0 con le sue personalit\u00e0 pi\u00f9 espressive\u201d. Senza contare che oggi si pone con forza il principio della parit\u00e0 di genere. Forse qualcuno giudicher\u00e0 \u201ctardiva\u201d questa nostra iniziativa. Non ha importanza: quello che ci preme \u00e8 stabilire un principio di coerenza e nettezza verso l\u2019iniziativa che abbiamo sostenuto pochi giorni fa in occasione della discussione sui grandi elettori. Anche in questo caso \u2013 conclude Danti &#8211; l\u2019esperienza insegna: prevenire \u00e8 meglio che curare\u00bb.<\/p>\n<p>&nbsp;<\/p>\n<p><a href=\"http:\/\/www.gruppopdregionetoscana.it\/web\/wp-content\/uploads\/2013\/11\/PDLstatutaria4.pdf\" target=\"_blank\">Il testo della proposta di legge<\/a><\/p>\n","protected":false},"excerpt":{"rendered":"<p>\u201cIl consiglio regionale a norma dell\u2019articolo 83 della Costituzione elegge tre delegati per l\u2019elezione del Presidente della Repubblica. Possono essere eletti, anche tenendo conto del principio della parit\u00e0 di genere ai sensi dell\u2019art. 51 della Costituzione, quali delegati regionali: membri della Giunta e del Consiglio regionale, amministratori degli enti locali della Toscana nonch\u00e9 persone che, [&hellip;]<\/p>\n","protected":false},"author":1,"featured_media":5151,"comment_status":"closed","ping_status":"closed","sticky":false,"template":"","format":"standard","meta":{"_jetpack_memberships_contains_paid_content":false,"footnotes":""},"categories":[30,651,633,1],"tags":[],"class_list":{"0":"post-6706","1":"post","2":"type-post","3":"status-publish","4":"format-standard","5":"has-post-thumbnail","7":"category-comunicati-stampa","8":"category-notizie-eugenio-giani","9":"category-notizie-lucia-de-robertis","10":"category-proposte-di-legge","11":"czr-hentry"},"jetpack_featured_media_url":"https:\/\/www.gruppopdregionetoscana.it\/web\/wp-content\/uploads\/2013\/09\/salone-consiglio.jpg","jetpack_sharing_enabled":true,"_links":{"self":[{"href":"https:\/\/www.gruppopdregionetoscana.it\/web\/wp-json\/wp\/v2\/posts\/6706","targetHints":{"allow":["GET"]}}],"collection":[{"href":"https:\/\/www.gruppopdregionetoscana.it\/web\/wp-json\/wp\/v2\/posts"}],"about":[{"href":"https:\/\/www.gruppopdregionetoscana.it\/web\/wp-json\/wp\/v2\/types\/post"}],"author":[{"embeddable":true,"href":"https:\/\/www.gruppopdregionetoscana.it\/web\/wp-json\/wp\/v2\/users\/1"}],"replies":[{"embeddable":true,"href":"https:\/\/www.gruppopdregionetoscana.it\/web\/wp-json\/wp\/v2\/comments?post=6706"}],"version-history":[{"count":0,"href":"https:\/\/www.gruppopdregionetoscana.it\/web\/wp-json\/wp\/v2\/posts\/6706\/revisions"}],"wp:featuredmedia":[{"embeddable":true,"href":"https:\/\/www.gruppopdregionetoscana.it\/web\/wp-json\/wp\/v2\/media\/5151"}],"wp:attachment":[{"href":"https:\/\/www.gruppopdregionetoscana.it\/web\/wp-json\/wp\/v2\/media?parent=6706"}],"wp:term":[{"taxonomy":"category","embeddable":true,"href":"https:\/\/www.gruppopdregionetoscana.it\/web\/wp-json\/wp\/v2\/categories?post=6706"},{"taxonomy":"post_tag","embeddable":true,"href":"https:\/\/www.gruppopdregionetoscana.it\/web\/wp-json\/wp\/v2\/tags?post=6706"}],"curies":[{"name":"wp","href":"https:\/\/api.w.org\/{rel}","templated":true}]}}