{"id":6759,"date":"2013-10-31T16:42:27","date_gmt":"2013-10-31T15:42:27","guid":{"rendered":"http:\/\/www.gruppopdregionetoscana.it\/web\/?p=6759"},"modified":"2013-11-06T11:25:05","modified_gmt":"2013-11-06T10:25:05","slug":"tav-ruggeri-pd-piu-che-da-commissione-dinchiesta-mi-pare-una-questione-da-giudice-del-lavoro","status":"publish","type":"post","link":"https:\/\/www.gruppopdregionetoscana.it\/web\/tav-ruggeri-pd-piu-che-da-commissione-dinchiesta-mi-pare-una-questione-da-giudice-del-lavoro\/","title":{"rendered":"Tav, Ruggeri (Pd): \u201cPi\u00f9 che da commissione d\u2019inchiesta mi pare una questione da giudice del lavoro\u201d"},"content":{"rendered":"<p><a href=\"http:\/\/www.gruppopdregionetoscana.it\/web\/wp-content\/uploads\/2013\/07\/ruggeri4.jpg\"><img loading=\"lazy\" decoding=\"async\" class=\"size-full wp-image-6148 alignleft\" alt=\"marco ruggeri \" src=\"http:\/\/www.gruppopdregionetoscana.it\/web\/wp-content\/uploads\/2013\/07\/ruggeri4.jpg\" width=\"250\" height=\"242\" srcset=\"https:\/\/www.gruppopdregionetoscana.it\/web\/wp-content\/uploads\/2013\/07\/ruggeri4.jpg 250w, https:\/\/www.gruppopdregionetoscana.it\/web\/wp-content\/uploads\/2013\/07\/ruggeri4-52x50.jpg 52w\" sizes=\"auto, (max-width: 250px) 100vw, 250px\" \/><\/a>\u201cEssendo una prerogativa dell\u2019opposizione, sulla richiesta della commissione d\u2019inchiesta, non ho nulla da obiettare; sul merito, invece, s\u00ec. Mi pare, infatti, che la nota distribuita dall\u2019architetto Zita tenda a confutare pi\u00f9 gli addebiti di inefficienza a lui mossi che a fornire fatti nuovi rispetto alla vicenda delle cosiddette \u201cterre da scavo della Tav\u201d. Pertanto, pi\u00f9 che da commissione d\u2019inchiesta mi sembrano questioni da giudice del lavoro, dopodich\u00e9 essendo assolutamente chiara qual \u00e8 stata la posizione della giunta regionale &#8211; che \u00e8 bene ribadire \u00e8 rimasta la medesima sia nella fase in cui l\u2019architetto Zita dirigeva la commissione Via sia quando non la dirigeva pi\u00f9, salvo adeguarsi alle modifiche della legge nazionale \u2013 non mi pare che ad oggi vi siano particolari novit\u00e0 se non il tentativo anche un po\u2019 strumentale di tenere viva una polemica che era stata puntualmente ed esaustivamente chiarita dalla comunicazione fatta in consiglio dal presidente Rossi\u201d. E\u2019 quanto dichiara <b>Marco Ruggeri capogruppo Pd in consiglio regionale,<\/b> in merito alla richiesta, arrivata dalle opposizioni, di istituire una commissione d\u2019inchiesta a seguito dell\u2019audizione dell\u2019architetto Zita in commissione ambiente.<\/p>\n","protected":false},"excerpt":{"rendered":"<p>\u201cEssendo una prerogativa dell\u2019opposizione, sulla richiesta della commissione d\u2019inchiesta, non ho nulla da obiettare; sul merito, invece, s\u00ec. Mi pare, infatti, che la nota distribuita dall\u2019architetto Zita tenda a confutare pi\u00f9 gli addebiti di inefficienza a lui mossi che a fornire fatti nuovi rispetto alla vicenda delle cosiddette \u201cterre da scavo della Tav\u201d. Pertanto, pi\u00f9 [&hellip;]<\/p>\n","protected":false},"author":1,"featured_media":6760,"comment_status":"closed","ping_status":"closed","sticky":false,"template":"","format":"standard","meta":{"_jetpack_memberships_contains_paid_content":false,"footnotes":""},"categories":[30],"tags":[205,722],"class_list":{"0":"post-6759","1":"post","2":"type-post","3":"status-publish","4":"format-standard","5":"has-post-thumbnail","7":"category-comunicati-stampa","8":"tag-inchiesta","9":"tag-tav","10":"czr-hentry"},"jetpack_featured_media_url":"https:\/\/www.gruppopdregionetoscana.it\/web\/wp-content\/uploads\/2013\/11\/marco-livorno.jpg","jetpack_sharing_enabled":true,"_links":{"self":[{"href":"https:\/\/www.gruppopdregionetoscana.it\/web\/wp-json\/wp\/v2\/posts\/6759","targetHints":{"allow":["GET"]}}],"collection":[{"href":"https:\/\/www.gruppopdregionetoscana.it\/web\/wp-json\/wp\/v2\/posts"}],"about":[{"href":"https:\/\/www.gruppopdregionetoscana.it\/web\/wp-json\/wp\/v2\/types\/post"}],"author":[{"embeddable":true,"href":"https:\/\/www.gruppopdregionetoscana.it\/web\/wp-json\/wp\/v2\/users\/1"}],"replies":[{"embeddable":true,"href":"https:\/\/www.gruppopdregionetoscana.it\/web\/wp-json\/wp\/v2\/comments?post=6759"}],"version-history":[{"count":0,"href":"https:\/\/www.gruppopdregionetoscana.it\/web\/wp-json\/wp\/v2\/posts\/6759\/revisions"}],"wp:featuredmedia":[{"embeddable":true,"href":"https:\/\/www.gruppopdregionetoscana.it\/web\/wp-json\/wp\/v2\/media\/6760"}],"wp:attachment":[{"href":"https:\/\/www.gruppopdregionetoscana.it\/web\/wp-json\/wp\/v2\/media?parent=6759"}],"wp:term":[{"taxonomy":"category","embeddable":true,"href":"https:\/\/www.gruppopdregionetoscana.it\/web\/wp-json\/wp\/v2\/categories?post=6759"},{"taxonomy":"post_tag","embeddable":true,"href":"https:\/\/www.gruppopdregionetoscana.it\/web\/wp-json\/wp\/v2\/tags?post=6759"}],"curies":[{"name":"wp","href":"https:\/\/api.w.org\/{rel}","templated":true}]}}