{"id":7953,"date":"2014-03-21T15:30:34","date_gmt":"2014-03-21T14:30:34","guid":{"rendered":"http:\/\/www.gruppopdregionetoscana.it\/web\/?p=7953"},"modified":"2014-03-21T15:30:34","modified_gmt":"2014-03-21T14:30:34","slug":"scuola-concorso-rischio-ferrucci-pd-vicenda-paradossale-la-regione-fara-la-sua-parte-per-una-soluzione","status":"publish","type":"post","link":"https:\/\/www.gruppopdregionetoscana.it\/web\/scuola-concorso-rischio-ferrucci-pd-vicenda-paradossale-la-regione-fara-la-sua-parte-per-una-soluzione\/","title":{"rendered":"Scuola, concorso a rischio, Ferrucci (Pd): \u201cVicenda paradossale, la Regione far\u00e0 la sua parte per una soluzione\u201d"},"content":{"rendered":"<p><a href=\"http:\/\/www.gruppopdregionetoscana.it\/web\/wp-content\/uploads\/2014\/03\/aula-scolastica.jpg\"><img loading=\"lazy\" decoding=\"async\" class=\"alignleft  wp-image-7954\" style=\"border: 5px solid white;\" alt=\"aula scolastica\" src=\"http:\/\/www.gruppopdregionetoscana.it\/web\/wp-content\/uploads\/2014\/03\/aula-scolastica-300x225.jpg\" width=\"200\" height=\"130\" \/><\/a>\u201cUna vicenda che sfiora il paradosso, un errore formale di una pubblica amministrazione che rischia di essere pagato dai lavoratori. Dopo la sentenza del Consiglio di Stato sono 112 i dirigenti scolastici toscani in bilico; si tratta di presidi che da tempo hanno attivato negli istituti dove lavorano progetti innovativi, percorsi che rischiano di essere interrotti per una questione formale all\u2019interno di una procedura. Lo ha ricordato anche il presidente Rossi in una lettera scritta appositamente per poter chiudere questa situazione incresciosa, rivolta al premier Renzi, contando sull\u2019attenzione data dal Governo fin da subito ai problemi della scuola. Condivido la preoccupazione su questa vicenda, la Regione ha dimostrato fin da subito attenzione e continuer\u00e0 a fare la sua parte: confido che venga trovata con urgenza una soluzione perch\u00e9 questi dirigenti non perdano il loro posto di lavoro e possano continuare a portare avanti con la professionalit\u00e0 che li ha contraddistinti, il ruolo che stanno svolgendo nei loro istituti\u201d.<\/p>\n<p>&nbsp;<\/p>\n<p>A dirlo \u00e8 <b>Ivan Ferrucci<\/b>, capogruppo Pd Regione Toscana, in merito alla sentenza del Consiglio di Stato che riguarda 112 dirigenti scolastici attualmente in servizio in Toscana.<\/p>\n","protected":false},"excerpt":{"rendered":"<p>\u201cUna vicenda che sfiora il paradosso, un errore formale di una pubblica amministrazione che rischia di essere pagato dai lavoratori. Dopo la sentenza del Consiglio di Stato sono 112 i dirigenti scolastici toscani in bilico; si tratta di presidi che da tempo hanno attivato negli istituti dove lavorano progetti innovativi, percorsi che rischiano di essere [&hellip;]<\/p>\n","protected":false},"author":1,"featured_media":7957,"comment_status":"closed","ping_status":"closed","sticky":false,"template":"","format":"standard","meta":{"_jetpack_memberships_contains_paid_content":false,"footnotes":""},"categories":[30],"tags":[],"class_list":{"0":"post-7953","1":"post","2":"type-post","3":"status-publish","4":"format-standard","5":"has-post-thumbnail","7":"category-comunicati-stampa","8":"czr-hentry"},"jetpack_featured_media_url":"https:\/\/www.gruppopdregionetoscana.it\/web\/wp-content\/uploads\/2014\/03\/scuola41.jpg","jetpack_sharing_enabled":true,"_links":{"self":[{"href":"https:\/\/www.gruppopdregionetoscana.it\/web\/wp-json\/wp\/v2\/posts\/7953","targetHints":{"allow":["GET"]}}],"collection":[{"href":"https:\/\/www.gruppopdregionetoscana.it\/web\/wp-json\/wp\/v2\/posts"}],"about":[{"href":"https:\/\/www.gruppopdregionetoscana.it\/web\/wp-json\/wp\/v2\/types\/post"}],"author":[{"embeddable":true,"href":"https:\/\/www.gruppopdregionetoscana.it\/web\/wp-json\/wp\/v2\/users\/1"}],"replies":[{"embeddable":true,"href":"https:\/\/www.gruppopdregionetoscana.it\/web\/wp-json\/wp\/v2\/comments?post=7953"}],"version-history":[{"count":0,"href":"https:\/\/www.gruppopdregionetoscana.it\/web\/wp-json\/wp\/v2\/posts\/7953\/revisions"}],"wp:featuredmedia":[{"embeddable":true,"href":"https:\/\/www.gruppopdregionetoscana.it\/web\/wp-json\/wp\/v2\/media\/7957"}],"wp:attachment":[{"href":"https:\/\/www.gruppopdregionetoscana.it\/web\/wp-json\/wp\/v2\/media?parent=7953"}],"wp:term":[{"taxonomy":"category","embeddable":true,"href":"https:\/\/www.gruppopdregionetoscana.it\/web\/wp-json\/wp\/v2\/categories?post=7953"},{"taxonomy":"post_tag","embeddable":true,"href":"https:\/\/www.gruppopdregionetoscana.it\/web\/wp-json\/wp\/v2\/tags?post=7953"}],"curies":[{"name":"wp","href":"https:\/\/api.w.org\/{rel}","templated":true}]}}