{"id":7959,"date":"2014-03-21T17:19:05","date_gmt":"2014-03-21T16:19:05","guid":{"rendered":"http:\/\/www.gruppopdregionetoscana.it\/web\/?p=7959"},"modified":"2014-03-21T18:06:20","modified_gmt":"2014-03-21T17:06:20","slug":"lavoro-nelle-carceri-brogi-pd-pieno-sostegno-al-progetto-presentero-una-proposta-di-legge-al-mio-gruppo-consiliare","status":"publish","type":"post","link":"https:\/\/www.gruppopdregionetoscana.it\/web\/lavoro-nelle-carceri-brogi-pd-pieno-sostegno-al-progetto-presentero-una-proposta-di-legge-al-mio-gruppo-consiliare\/","title":{"rendered":"Lavoro nelle carceri, Brogi (Pd): \u201cPieno sostegno al progetto, presenter\u00f2 una proposta di legge al mio gruppo consiliare\u201d"},"content":{"rendered":"<p><a href=\"http:\/\/www.gruppopdregionetoscana.it\/web\/wp-content\/uploads\/2014\/03\/carceri-2.jpg\"><img loading=\"lazy\" decoding=\"async\" class=\"alignleft  wp-image-7828\" style=\"border: 5px solid white;\" alt=\"carceri-2\" src=\"http:\/\/www.gruppopdregionetoscana.it\/web\/wp-content\/uploads\/2014\/03\/carceri-2-300x204.jpg\" width=\"250\" height=\"180\" \/><\/a>\u201cL\u2019idea di dare vita a percorsi lavorativi all\u2019interno dei nostri istituti penitenziari ha tutto il mio supporto: da sempre considero questo aspetto una priorit\u00e0 per le drammatiche condizioni in cui vivono i detenuti. Il progetto presentato in Commissione emergenza occupazionale da Vincenzo Ramalli, amministratore di Manifattura Toscane Riunite Impresa Sociale e promosso da Confindustria Toscana, sono sicuro che darebbe vita a un filo conduttore tra due mondi che purtroppo hanno delle barriere incredibili. Una vera e propria boccata d\u2019ossigeno sia dentro che fuori dalle carceri&#8221;.<\/p>\n<p>&nbsp;<\/p>\n<p>&#8220;Tante volte ho ribadito la necessit\u00e0 di creare percorsi volti al reinserimento nella societ\u00e0 per i detenuti che, nella maggior parte dei casi, una volta finita di scontare la pena, tornano nella societ\u00e0 senza alcun tipo di prospettiva; quando invece imparare un mestiere darebbe loro un\u2019opportunit\u00e0 non da poco. In secondo luogo, ci sarebbero risvolti positivi anche per le aziende che in questo modo metterebbero un freno alla delocalizzazione. Oltre ad essere favorevole al progetto, appoggio anche l\u2019ipotesi dare vita a una proposta di legge regionale che regolamenti tutto ci\u00f2 e garantisca una carta da giocare nella societ\u00e0 per tanti detenuti. Pertanto, mi impegner\u00f2 a presentare una proposta di legge da discutere nel mio gruppo consiliare\u201d.<\/p>\n<p>&nbsp;<\/p>\n<p>E\u2019 quanto dichiara <b>Enzo Brogi consigliere regionale Pd<\/b>, riguardo alla proposta di dare il via al lavoro nei penitenziari toscani, fatta in Commissione emergenza occupazionale da Vincenzo Ramalli, amministratore di Manifattura Toscane Riunite Impresa Sociale e promosso da Confindustria Toscana.<\/p>\n<p>&nbsp;<\/p>\n","protected":false},"excerpt":{"rendered":"<p>\u201cL\u2019idea di dare vita a percorsi lavorativi all\u2019interno dei nostri istituti penitenziari ha tutto il mio supporto: da sempre considero questo aspetto una priorit\u00e0 per le drammatiche condizioni in cui vivono i detenuti. Il progetto presentato in Commissione emergenza occupazionale da Vincenzo Ramalli, amministratore di Manifattura Toscane Riunite Impresa Sociale e promosso da Confindustria Toscana, [&hellip;]<\/p>\n","protected":false},"author":1,"featured_media":7828,"comment_status":"closed","ping_status":"closed","sticky":false,"template":"","format":"standard","meta":{"_jetpack_memberships_contains_paid_content":false,"footnotes":""},"categories":[30],"tags":[],"class_list":{"0":"post-7959","1":"post","2":"type-post","3":"status-publish","4":"format-standard","5":"has-post-thumbnail","7":"category-comunicati-stampa","8":"czr-hentry"},"jetpack_featured_media_url":"https:\/\/www.gruppopdregionetoscana.it\/web\/wp-content\/uploads\/2014\/03\/carceri-2.jpg","jetpack_sharing_enabled":true,"_links":{"self":[{"href":"https:\/\/www.gruppopdregionetoscana.it\/web\/wp-json\/wp\/v2\/posts\/7959","targetHints":{"allow":["GET"]}}],"collection":[{"href":"https:\/\/www.gruppopdregionetoscana.it\/web\/wp-json\/wp\/v2\/posts"}],"about":[{"href":"https:\/\/www.gruppopdregionetoscana.it\/web\/wp-json\/wp\/v2\/types\/post"}],"author":[{"embeddable":true,"href":"https:\/\/www.gruppopdregionetoscana.it\/web\/wp-json\/wp\/v2\/users\/1"}],"replies":[{"embeddable":true,"href":"https:\/\/www.gruppopdregionetoscana.it\/web\/wp-json\/wp\/v2\/comments?post=7959"}],"version-history":[{"count":0,"href":"https:\/\/www.gruppopdregionetoscana.it\/web\/wp-json\/wp\/v2\/posts\/7959\/revisions"}],"wp:featuredmedia":[{"embeddable":true,"href":"https:\/\/www.gruppopdregionetoscana.it\/web\/wp-json\/wp\/v2\/media\/7828"}],"wp:attachment":[{"href":"https:\/\/www.gruppopdregionetoscana.it\/web\/wp-json\/wp\/v2\/media?parent=7959"}],"wp:term":[{"taxonomy":"category","embeddable":true,"href":"https:\/\/www.gruppopdregionetoscana.it\/web\/wp-json\/wp\/v2\/categories?post=7959"},{"taxonomy":"post_tag","embeddable":true,"href":"https:\/\/www.gruppopdregionetoscana.it\/web\/wp-json\/wp\/v2\/tags?post=7959"}],"curies":[{"name":"wp","href":"https:\/\/api.w.org\/{rel}","templated":true}]}}