{"id":7972,"date":"2014-03-25T18:42:11","date_gmt":"2014-03-25T17:42:11","guid":{"rendered":"http:\/\/www.gruppopdregionetoscana.it\/web\/?p=7972"},"modified":"2014-03-25T18:54:57","modified_gmt":"2014-03-25T17:54:57","slug":"mafie-toscana-indagine-conoscitiva-consiglio-regionale-spinelli-pd-non-abbassare-la-guardia","status":"publish","type":"post","link":"https:\/\/www.gruppopdregionetoscana.it\/web\/mafie-toscana-indagine-conoscitiva-consiglio-regionale-spinelli-pd-non-abbassare-la-guardia\/","title":{"rendered":"Mafie in Toscana, indagine conoscitiva Consiglio regionale. Spinelli (Pd), \u201cNon abbassare la guardia\u201d"},"content":{"rendered":"<p><a href=\"http:\/\/www.gruppopdregionetoscana.it\/web\/wp-content\/uploads\/2014\/03\/suvignano.jpg\"><img loading=\"lazy\" decoding=\"async\" class=\"alignleft  wp-image-7973\" style=\"border: 5px solid white;\" alt=\"suvignano\" src=\"http:\/\/www.gruppopdregionetoscana.it\/web\/wp-content\/uploads\/2014\/03\/suvignano-300x155.jpg\" width=\"250\" height=\"130\" srcset=\"https:\/\/www.gruppopdregionetoscana.it\/web\/wp-content\/uploads\/2014\/03\/suvignano-300x155.jpg 300w, https:\/\/www.gruppopdregionetoscana.it\/web\/wp-content\/uploads\/2014\/03\/suvignano.jpg 624w\" sizes=\"auto, (max-width: 250px) 100vw, 250px\" \/><\/a>\u201cLo abbiamo gi\u00e0 visto con Suvignano, altre sono state, in tutta la Regione, le circostanze in cui la criminalit\u00e0 organizzata si \u00e8 fatta sentire: la Toscana non \u00e8 immune dalla mafia e questa utile indagine conoscitiva mette in luce una situazione da non sottovalutare, denunciando 35 organizzazioni criminali attive&#8221;. A dirlo \u00e8 <b>Marco Spinelli<\/b>, consigliere regionale Pd e membro della Commissione Affari istituzionali, commissione che ha realizzato l&#8217;indagine conoscitiva &#8216;Analisi dei fenomeni di criminalita&#8217; organizzata in Toscana&#8217;, presentata stamattina.<\/p>\n<p>&nbsp;<\/p>\n<p>&#8220;Non dobbiamo mai abbassare la guardia, vigilare su appalti, lavori pubblici, mettere in condizioni associazioni di categoria e ordini professionali di raccogliere le denunce e far emergere le situazioni a rischio, sensibilizzare scuole, posti di lavoro, i cittadini in genere su questo tema. &#8211; prosegue &#8211; Dobbiamo impegnarci il pi\u00f9 possibile per contrastare la mafia e le sue conseguenze, proprio la vicenda di Suvignano ha dimostrato la sensibilit\u00e0 della nostra Regione per questo problema, vista la grande mobilitazione che c\u2019\u00e8 stata per dire no alla vendita all\u2019asta della tenuta. Continuiamo a fare il massimo\u201d.<\/p>\n","protected":false},"excerpt":{"rendered":"<p>\u201cLo abbiamo gi\u00e0 visto con Suvignano, altre sono state, in tutta la Regione, le circostanze in cui la criminalit\u00e0 organizzata si \u00e8 fatta sentire: la Toscana non \u00e8 immune dalla mafia e questa utile indagine conoscitiva mette in luce una situazione da non sottovalutare, denunciando 35 organizzazioni criminali attive&#8221;. A dirlo \u00e8 Marco Spinelli, consigliere [&hellip;]<\/p>\n","protected":false},"author":1,"featured_media":7973,"comment_status":"closed","ping_status":"closed","sticky":false,"template":"","format":"standard","meta":{"_jetpack_memberships_contains_paid_content":false,"footnotes":""},"categories":[30],"tags":[],"class_list":{"0":"post-7972","1":"post","2":"type-post","3":"status-publish","4":"format-standard","5":"has-post-thumbnail","7":"category-comunicati-stampa","8":"czr-hentry"},"jetpack_featured_media_url":"https:\/\/www.gruppopdregionetoscana.it\/web\/wp-content\/uploads\/2014\/03\/suvignano.jpg","jetpack_sharing_enabled":true,"_links":{"self":[{"href":"https:\/\/www.gruppopdregionetoscana.it\/web\/wp-json\/wp\/v2\/posts\/7972","targetHints":{"allow":["GET"]}}],"collection":[{"href":"https:\/\/www.gruppopdregionetoscana.it\/web\/wp-json\/wp\/v2\/posts"}],"about":[{"href":"https:\/\/www.gruppopdregionetoscana.it\/web\/wp-json\/wp\/v2\/types\/post"}],"author":[{"embeddable":true,"href":"https:\/\/www.gruppopdregionetoscana.it\/web\/wp-json\/wp\/v2\/users\/1"}],"replies":[{"embeddable":true,"href":"https:\/\/www.gruppopdregionetoscana.it\/web\/wp-json\/wp\/v2\/comments?post=7972"}],"version-history":[{"count":0,"href":"https:\/\/www.gruppopdregionetoscana.it\/web\/wp-json\/wp\/v2\/posts\/7972\/revisions"}],"wp:featuredmedia":[{"embeddable":true,"href":"https:\/\/www.gruppopdregionetoscana.it\/web\/wp-json\/wp\/v2\/media\/7973"}],"wp:attachment":[{"href":"https:\/\/www.gruppopdregionetoscana.it\/web\/wp-json\/wp\/v2\/media?parent=7972"}],"wp:term":[{"taxonomy":"category","embeddable":true,"href":"https:\/\/www.gruppopdregionetoscana.it\/web\/wp-json\/wp\/v2\/categories?post=7972"},{"taxonomy":"post_tag","embeddable":true,"href":"https:\/\/www.gruppopdregionetoscana.it\/web\/wp-json\/wp\/v2\/tags?post=7972"}],"curies":[{"name":"wp","href":"https:\/\/api.w.org\/{rel}","templated":true}]}}